{"id":9065,"date":"2010-04-23T12:50:12","date_gmt":"2010-04-23T10:50:12","guid":{"rendered":"http:\/\/tg.edu.rs\/hun\/?p=9065"},"modified":"2013-09-23T13:37:58","modified_gmt":"2013-09-23T11:37:58","slug":"a-nagy-versmondas-kosztolanyi-dezso-hajnali-reszegseg","status":"publish","type":"post","link":"https:\/\/tg.edu.rs\/hun\/a-nagy-versmondas-kosztolanyi-dezso-hajnali-reszegseg\/","title":{"rendered":"A Nagy Versmond\u00e1s &#8211; Kosztol\u00e1nyi Dezs\u0151: Hajnali r\u00e9szegs\u00e9g"},"content":{"rendered":"<p>2010. \u00e1prilis 23-\u00e1n Jord\u00e1n Tam\u00e1s sz\u00ednm\u0171v\u00e9sz vez\u00e9nylet\u00e9vel a V\u00e1rosh\u00e1za el\u0151tti t\u00e9ren mintegy 600 di\u00e1k \u00e9s \u00e9rdekl\u0151d\u0151 k\u00f6z\u00f6sen mondt\u00e1k el Kosztol\u00e1nyi Dezs\u0151 Hajnali r\u00e9szegs\u00e9g c. vers\u00e9t.<br \/>\nA 12 legszebb magyar vers c\u00edm\u0171 kezdem\u00e9nyez\u00e9st \u00e9s ezen bel\u00fcl a Nagy Versmond\u00e1st 2008-ban ind\u00edtotta \u00fatj\u00e1ra F\u0171zfa Bal\u00e1zs irodalomt\u00f6rt\u00e9n\u00e9sz, tank\u00f6nyvszerz\u0151 \u00e9s Jord\u00e1n Tam\u00e1s sz\u00ednm\u0171v\u00e9sz, rendez\u0151. A programsorozat c\u00e9lja felh\u00edvni a figyelmet a magyar l\u00edra gy\u00f6ngyszemeire, valamint k\u00eds\u00e9rletet tenni a magyar irodalmi k\u00e1non 12 remekm\u0171v\u00e9nek \u00fajra\u00e9rt\u00e9s\u00e9re \u00e9s \u00fajra\u00e9rtelmez\u00e9s\u00e9re, valamint arra, hogy a r\u00e9sztvev\u0151k megtapasztalj\u00e1k a k\u00f6z\u00f6s szaval\u00e1s csod\u00e1latos \u00e9lm\u00e9ny\u00e9t. T\u00f6bbek k\u00f6z\u00f6tt Budapesten, Nagyv\u00e1radon, Szombathelyen, Cs\u00edkszered\u00e1ban, Kecskem\u00e9ten mondt\u00e1k el a 12 legszebbnek megv\u00e1lasztott magyar vers valamelyik\u00e9t (Szeptember v\u00e9g\u00e9n, Apokrif, Szondi k\u00e9t apr\u00f3dja, Esti k\u00e9rd\u00e9s, Lev\u00e9l a hitveshez, Hajnali r\u00e9szegs\u00e9g, Ki viszi \u00e1t a Szerelmet, Kocsi-\u00fat az \u00e9jszak\u00e1ban, A k\u00f6zel\u00edt\u0151 t\u00e9l, A v\u00e9n cig\u00e1ny, Eszm\u00e9let, Valse triste). Mindegyik v\u00e1rosban t\u00f6bb sz\u00e1z ember vett r\u00e9szt az egy\u00fcttes versmond\u00e1sban: Szabadk\u00e1n mintegy 600 di\u00e1k \u00e9s \u00e9rdekl\u0151d\u0151. A mell\u00e9kelt k\u00e9panyagban az MTV \u00e1ltal k\u00e9sz\u00edtett besz\u00e1mol\u00f3t l\u00e1thatj\u00e1tok az esem\u00e9nyr\u0151l: a szaval\u00f3k k\u00f6z\u00f6tt nagy sz\u00e1mban ott vannak r\u00e9gi di\u00e1kjaink is\u2026<\/p>\n<p>Az MTV vide\u00f3t\u00e1r\u00e1b\u00f3l:<br \/>\n<em id=\"__mceDel\">A Nagy Versmond\u00e1s &#8211; Kosztol\u00e1nyi Dezs\u0151: Hajnali r\u00e9szegs\u00e9g<\/em><\/p>\n<p align=\"center\"><iframe loading=\"lazy\" src=\"http:\/\/videotar.mtv.hu\/VideoPortal\/embed.html#http:\/\/streamer.carnation.hu\/mtvod2\/versmondas\/2010\/11\/26\/01_500.wmv\" height=\"285\" width=\"433\" frameborder=\"0\" scrolling=\"no\"><\/iframe><\/p>\n","protected":false},"excerpt":{"rendered":"<p>2010. \u00e1prilis 23-\u00e1n Jord\u00e1n Tam\u00e1s sz\u00ednm\u0171v\u00e9sz vez\u00e9nylet\u00e9vel a V\u00e1rosh\u00e1za el\u0151tti t\u00e9ren mintegy 600 di\u00e1k \u00e9s \u00e9rdekl\u0151d\u0151 k\u00f6z\u00f6sen mondt\u00e1k el Kosztol\u00e1nyi Dezs\u0151 Hajnali r\u00e9szegs\u00e9g c. vers\u00e9t. A 12 legszebb magyar vers c\u00edm\u0171 kezdem\u00e9nyez\u00e9st \u00e9s ezen bel\u00fcl a Nagy Versmond\u00e1st 2008-ban ind\u00edtotta<span class=\"ellipsis\">&hellip;<\/span><\/p>\n<div class=\"read-more\"><a href=\"https:\/\/tg.edu.rs\/hun\/a-nagy-versmondas-kosztolanyi-dezso-hajnali-reszegseg\/\">Tov\u00e1bb \u203a<\/a><\/div>\n<p><!-- end of .read-more --><\/p>\n","protected":false},"author":1,"featured_media":9071,"comment_status":"open","ping_status":"open","sticky":false,"template":"","format":"standard","meta":{"_mi_skip_tracking":false},"categories":[33,35,5,11],"tags":[40,96,78],"aioseo_notices":[],"_links":{"self":[{"href":"https:\/\/tg.edu.rs\/hun\/wp-json\/wp\/v2\/posts\/9065"}],"collection":[{"href":"https:\/\/tg.edu.rs\/hun\/wp-json\/wp\/v2\/posts"}],"about":[{"href":"https:\/\/tg.edu.rs\/hun\/wp-json\/wp\/v2\/types\/post"}],"author":[{"embeddable":true,"href":"https:\/\/tg.edu.rs\/hun\/wp-json\/wp\/v2\/users\/1"}],"replies":[{"embeddable":true,"href":"https:\/\/tg.edu.rs\/hun\/wp-json\/wp\/v2\/comments?post=9065"}],"version-history":[{"count":8,"href":"https:\/\/tg.edu.rs\/hun\/wp-json\/wp\/v2\/posts\/9065\/revisions"}],"predecessor-version":[{"id":9126,"href":"https:\/\/tg.edu.rs\/hun\/wp-json\/wp\/v2\/posts\/9065\/revisions\/9126"}],"wp:featuredmedia":[{"embeddable":true,"href":"https:\/\/tg.edu.rs\/hun\/wp-json\/wp\/v2\/media\/9071"}],"wp:attachment":[{"href":"https:\/\/tg.edu.rs\/hun\/wp-json\/wp\/v2\/media?parent=9065"}],"wp:term":[{"taxonomy":"category","embeddable":true,"href":"https:\/\/tg.edu.rs\/hun\/wp-json\/wp\/v2\/categories?post=9065"},{"taxonomy":"post_tag","embeddable":true,"href":"https:\/\/tg.edu.rs\/hun\/wp-json\/wp\/v2\/tags?post=9065"}],"curies":[{"name":"wp","href":"https:\/\/api.w.org\/{rel}","templated":true}]}}