{"id":7874,"date":"2006-02-22T11:26:34","date_gmt":"2006-02-22T10:26:34","guid":{"rendered":"http:\/\/tg.edu.rs\/hun\/?p=7874"},"modified":"2013-03-08T11:28:33","modified_gmt":"2013-03-08T10:28:33","slug":"ralf-projekt","status":"publish","type":"post","link":"https:\/\/tg.edu.rs\/hun\/ralf-projekt\/","title":{"rendered":"Ralf &#8211; projekt"},"content":{"rendered":"<p><span>A belgr\u00e1di Goethe Int\u00e9zet \u00e1ltal megszervezett Ralf-projekt keret\u00e9n bel\u00fcl a harmadikosokkal egy minta\u00f3r\u00e1t vett\u00fcnk fel, ahol a di\u00e1kok megmutatt\u00e1k kit\u0171n\u0151 n\u00e9met nyelvtud\u00e1sukat. Az iskola \u00e9rt\u00e9kes k\u00f6nyvadom\u00e1nyt is kapott.<\/span><\/p>\n<p><a href=\"https:\/\/tg.edu.rs\/hun\/wp-content\/uploads\/2013\/03\/ralfprojekt.jpg\"><img loading=\"lazy\" class=\"aligncenter size-full wp-image-7875\" alt=\"ralfprojekt\" src=\"https:\/\/tg.edu.rs\/hun\/wp-content\/uploads\/2013\/03\/ralfprojekt.jpg\" width=\"640\" height=\"277\" srcset=\"https:\/\/tg.edu.rs\/hun\/wp-content\/uploads\/2013\/03\/ralfprojekt.jpg 640w, https:\/\/tg.edu.rs\/hun\/wp-content\/uploads\/2013\/03\/ralfprojekt-480x207.jpg 480w, https:\/\/tg.edu.rs\/hun\/wp-content\/uploads\/2013\/03\/ralfprojekt-250x108.jpg 250w\" sizes=\"(max-width: 640px) 100vw, 640px\" \/><\/a><\/p>\n","protected":false},"excerpt":{"rendered":"<p>A belgr\u00e1di Goethe Int\u00e9zet \u00e1ltal megszervezett Ralf-projekt keret\u00e9n bel\u00fcl a harmadikosokkal egy minta\u00f3r\u00e1t vett\u00fcnk fel, ahol a di\u00e1kok megmutatt\u00e1k kit\u0171n\u0151 n\u00e9met nyelvtud\u00e1sukat. Az iskola \u00e9rt\u00e9kes k\u00f6nyvadom\u00e1nyt is kapott.<\/p>\n","protected":false},"author":1,"featured_media":7875,"comment_status":"open","ping_status":"open","sticky":false,"template":"","format":"standard","meta":{"_mi_skip_tracking":false},"categories":[18,5],"tags":[86,56,111],"aioseo_notices":[],"_links":{"self":[{"href":"https:\/\/tg.edu.rs\/hun\/wp-json\/wp\/v2\/posts\/7874"}],"collection":[{"href":"https:\/\/tg.edu.rs\/hun\/wp-json\/wp\/v2\/posts"}],"about":[{"href":"https:\/\/tg.edu.rs\/hun\/wp-json\/wp\/v2\/types\/post"}],"author":[{"embeddable":true,"href":"https:\/\/tg.edu.rs\/hun\/wp-json\/wp\/v2\/users\/1"}],"replies":[{"embeddable":true,"href":"https:\/\/tg.edu.rs\/hun\/wp-json\/wp\/v2\/comments?post=7874"}],"version-history":[{"count":2,"href":"https:\/\/tg.edu.rs\/hun\/wp-json\/wp\/v2\/posts\/7874\/revisions"}],"predecessor-version":[{"id":7877,"href":"https:\/\/tg.edu.rs\/hun\/wp-json\/wp\/v2\/posts\/7874\/revisions\/7877"}],"wp:featuredmedia":[{"embeddable":true,"href":"https:\/\/tg.edu.rs\/hun\/wp-json\/wp\/v2\/media\/7875"}],"wp:attachment":[{"href":"https:\/\/tg.edu.rs\/hun\/wp-json\/wp\/v2\/media?parent=7874"}],"wp:term":[{"taxonomy":"category","embeddable":true,"href":"https:\/\/tg.edu.rs\/hun\/wp-json\/wp\/v2\/categories?post=7874"},{"taxonomy":"post_tag","embeddable":true,"href":"https:\/\/tg.edu.rs\/hun\/wp-json\/wp\/v2\/tags?post=7874"}],"curies":[{"name":"wp","href":"https:\/\/api.w.org\/{rel}","templated":true}]}}