{"id":7517,"date":"2006-06-12T13:46:44","date_gmt":"2006-06-12T11:46:44","guid":{"rendered":"http:\/\/tg.edu.rs\/hun\/?p=7517"},"modified":"2013-03-06T13:49:07","modified_gmt":"2013-03-06T12:49:07","slug":"a-iii-nyelvi-labor","status":"publish","type":"post","link":"https:\/\/tg.edu.rs\/hun\/a-iii-nyelvi-labor\/","title":{"rendered":"A III. nyelvi labor"},"content":{"rendered":"<p><span>A Sz\u00fcl\u0151f\u00f6ld Alapt\u00f3l elnyert p\u00e1ly\u00e1zatnak k\u00f6sz\u00f6nve elk\u00e9sz\u00fclt a harmadik nyelvi laborunk.<\/span><\/p>\n<p><a href=\"https:\/\/tg.edu.rs\/hun\/wp-content\/uploads\/2013\/03\/nyelvilab3.jpg\"><a href=\"https:\/\/tg.edu.rs\/hun\/wp-content\/uploads\/2013\/03\/nyelvilab3.jpg\"><img loading=\"lazy\" class=\"aligncenter size-full wp-image-7518\" alt=\"nyelvilab3\" src=\"https:\/\/tg.edu.rs\/hun\/wp-content\/uploads\/2013\/03\/nyelvilab3.jpg\" width=\"640\" height=\"480\" srcset=\"https:\/\/tg.edu.rs\/hun\/wp-content\/uploads\/2013\/03\/nyelvilab3.jpg 640w, https:\/\/tg.edu.rs\/hun\/wp-content\/uploads\/2013\/03\/nyelvilab3-320x240.jpg 320w, https:\/\/tg.edu.rs\/hun\/wp-content\/uploads\/2013\/03\/nyelvilab3-480x360.jpg 480w, https:\/\/tg.edu.rs\/hun\/wp-content\/uploads\/2013\/03\/nyelvilab3-250x187.jpg 250w\" sizes=\"(max-width: 640px) 100vw, 640px\" \/><\/a><\/a><\/p>\n<p><a href=\"https:\/\/tg.edu.rs\/hun\/wp-content\/uploads\/2013\/03\/nyelvilab3a.jpg\"><img loading=\"lazy\" class=\"aligncenter size-full wp-image-7519\" alt=\"nyelvilab3a\" src=\"https:\/\/tg.edu.rs\/hun\/wp-content\/uploads\/2013\/03\/nyelvilab3a.jpg\" width=\"640\" height=\"480\" srcset=\"https:\/\/tg.edu.rs\/hun\/wp-content\/uploads\/2013\/03\/nyelvilab3a.jpg 640w, https:\/\/tg.edu.rs\/hun\/wp-content\/uploads\/2013\/03\/nyelvilab3a-320x240.jpg 320w, https:\/\/tg.edu.rs\/hun\/wp-content\/uploads\/2013\/03\/nyelvilab3a-480x360.jpg 480w, https:\/\/tg.edu.rs\/hun\/wp-content\/uploads\/2013\/03\/nyelvilab3a-250x187.jpg 250w\" sizes=\"(max-width: 640px) 100vw, 640px\" \/><\/a><\/p>\n","protected":false},"excerpt":{"rendered":"<p>A Sz\u00fcl\u0151f\u00f6ld Alapt\u00f3l elnyert p\u00e1ly\u00e1zatnak k\u00f6sz\u00f6nve elk\u00e9sz\u00fclt a harmadik nyelvi laborunk.<\/p>\n","protected":false},"author":1,"featured_media":7518,"comment_status":"open","ping_status":"open","sticky":false,"template":"","format":"standard","meta":{"_mi_skip_tracking":false},"categories":[18,5],"tags":[86,56,111],"aioseo_notices":[],"_links":{"self":[{"href":"https:\/\/tg.edu.rs\/hun\/wp-json\/wp\/v2\/posts\/7517"}],"collection":[{"href":"https:\/\/tg.edu.rs\/hun\/wp-json\/wp\/v2\/posts"}],"about":[{"href":"https:\/\/tg.edu.rs\/hun\/wp-json\/wp\/v2\/types\/post"}],"author":[{"embeddable":true,"href":"https:\/\/tg.edu.rs\/hun\/wp-json\/wp\/v2\/users\/1"}],"replies":[{"embeddable":true,"href":"https:\/\/tg.edu.rs\/hun\/wp-json\/wp\/v2\/comments?post=7517"}],"version-history":[{"count":1,"href":"https:\/\/tg.edu.rs\/hun\/wp-json\/wp\/v2\/posts\/7517\/revisions"}],"predecessor-version":[{"id":7520,"href":"https:\/\/tg.edu.rs\/hun\/wp-json\/wp\/v2\/posts\/7517\/revisions\/7520"}],"wp:featuredmedia":[{"embeddable":true,"href":"https:\/\/tg.edu.rs\/hun\/wp-json\/wp\/v2\/media\/7518"}],"wp:attachment":[{"href":"https:\/\/tg.edu.rs\/hun\/wp-json\/wp\/v2\/media?parent=7517"}],"wp:term":[{"taxonomy":"category","embeddable":true,"href":"https:\/\/tg.edu.rs\/hun\/wp-json\/wp\/v2\/categories?post=7517"},{"taxonomy":"post_tag","embeddable":true,"href":"https:\/\/tg.edu.rs\/hun\/wp-json\/wp\/v2\/tags?post=7517"}],"curies":[{"name":"wp","href":"https:\/\/api.w.org\/{rel}","templated":true}]}}