{"id":7318,"date":"2006-10-03T11:49:45","date_gmt":"2006-10-03T09:49:45","guid":{"rendered":"http:\/\/tg.edu.rs\/hun\/?p=7318"},"modified":"2013-03-06T11:53:06","modified_gmt":"2013-03-06T10:53:06","slug":"tolerancia-szeminarium-belgrad","status":"publish","type":"post","link":"https:\/\/tg.edu.rs\/hun\/tolerancia-szeminarium-belgrad\/","title":{"rendered":"Tolerancia szemin\u00e1rium, Belgr\u00e1d"},"content":{"rendered":"<p><span>Az id\u00e9n is megh\u00edv\u00e1st kaptunk Belgr\u00e1dba, az &#8220;Ismerd meg haz\u00e1dat&#8221; elnevez\u00e9s\u0171 tolerancia szemin\u00e1riumra. Moln\u00e1r Lidia tan\u00e1rn\u0151 sz\u00e1rnyai alatt megindult a nagy csapat: Lilla, Tamara, Marci, Laci a 3a-b\u00f3l, Istv\u00e1n \u00e9s Kinga a 3n-b\u0151l. A szervez\u0151k nagyon kedvesen fogadtak benn\u00fcnket, hab\u00e1r a Lacit l\u00e1nynak n\u00e9zt\u00e9k&#8230;\u00e9s a Martinb\u00f3l is Martina lett :-) A szemin\u00e1riumon r\u00e9szt vettek m\u00e9g B\u00e1cspetr\u0151cr\u0151l, Prijepoljeb\u0151l, Nisb\u0151l, Belgr\u00e1db\u00f3l \u00e9rkez\u0151 gimnazist\u00e1k. A hangulat p\u00f6rg\u0151s volt, megszerett\u00fck Belgr\u00e1dot. Ezt a h\u00e1rom napot csak egy sz\u00f3val jellemezhetj\u00fck: EXTRA.<\/span><\/p>\n<p><a href=\"https:\/\/tg.edu.rs\/hun\/wp-content\/uploads\/2013\/03\/tolerancia11.jpg\"><img loading=\"lazy\" class=\"aligncenter size-full wp-image-7320\" alt=\"tolerancia11\" src=\"https:\/\/tg.edu.rs\/hun\/wp-content\/uploads\/2013\/03\/tolerancia11.jpg\" width=\"640\" height=\"472\" srcset=\"https:\/\/tg.edu.rs\/hun\/wp-content\/uploads\/2013\/03\/tolerancia11.jpg 640w, https:\/\/tg.edu.rs\/hun\/wp-content\/uploads\/2013\/03\/tolerancia11-480x354.jpg 480w, https:\/\/tg.edu.rs\/hun\/wp-content\/uploads\/2013\/03\/tolerancia11-250x184.jpg 250w\" sizes=\"(max-width: 640px) 100vw, 640px\" \/><\/a><\/p>\n<p><a href=\"https:\/\/tg.edu.rs\/hun\/wp-content\/uploads\/2013\/03\/tolerancia21.jpg\"><img loading=\"lazy\" class=\"aligncenter size-full wp-image-7319\" alt=\"tolerancia21\" src=\"https:\/\/tg.edu.rs\/hun\/wp-content\/uploads\/2013\/03\/tolerancia21.jpg\" width=\"640\" height=\"480\" srcset=\"https:\/\/tg.edu.rs\/hun\/wp-content\/uploads\/2013\/03\/tolerancia21.jpg 640w, https:\/\/tg.edu.rs\/hun\/wp-content\/uploads\/2013\/03\/tolerancia21-320x240.jpg 320w, https:\/\/tg.edu.rs\/hun\/wp-content\/uploads\/2013\/03\/tolerancia21-480x360.jpg 480w, https:\/\/tg.edu.rs\/hun\/wp-content\/uploads\/2013\/03\/tolerancia21-250x187.jpg 250w\" sizes=\"(max-width: 640px) 100vw, 640px\" \/><\/a><\/p>\n","protected":false},"excerpt":{"rendered":"<p>Az id\u00e9n is megh\u00edv\u00e1st kaptunk Belgr\u00e1dba, az &#8220;Ismerd meg haz\u00e1dat&#8221; elnevez\u00e9s\u0171 tolerancia szemin\u00e1riumra. Moln\u00e1r Lidia tan\u00e1rn\u0151 sz\u00e1rnyai alatt megindult a nagy csapat: Lilla, Tamara, Marci, Laci a 3a-b\u00f3l, Istv\u00e1n \u00e9s Kinga a 3n-b\u0151l. A szervez\u0151k nagyon kedvesen fogadtak benn\u00fcnket, hab\u00e1r<span class=\"ellipsis\">&hellip;<\/span><\/p>\n<div class=\"read-more\"><a href=\"https:\/\/tg.edu.rs\/hun\/tolerancia-szeminarium-belgrad\/\">Tov\u00e1bb \u203a<\/a><\/div>\n<p><!-- end of .read-more --><\/p>\n","protected":false},"author":1,"featured_media":7320,"comment_status":"open","ping_status":"open","sticky":false,"template":"","format":"standard","meta":{"_mi_skip_tracking":false},"categories":[21,5],"tags":[86,56,95],"aioseo_notices":[],"_links":{"self":[{"href":"https:\/\/tg.edu.rs\/hun\/wp-json\/wp\/v2\/posts\/7318"}],"collection":[{"href":"https:\/\/tg.edu.rs\/hun\/wp-json\/wp\/v2\/posts"}],"about":[{"href":"https:\/\/tg.edu.rs\/hun\/wp-json\/wp\/v2\/types\/post"}],"author":[{"embeddable":true,"href":"https:\/\/tg.edu.rs\/hun\/wp-json\/wp\/v2\/users\/1"}],"replies":[{"embeddable":true,"href":"https:\/\/tg.edu.rs\/hun\/wp-json\/wp\/v2\/comments?post=7318"}],"version-history":[{"count":1,"href":"https:\/\/tg.edu.rs\/hun\/wp-json\/wp\/v2\/posts\/7318\/revisions"}],"predecessor-version":[{"id":7321,"href":"https:\/\/tg.edu.rs\/hun\/wp-json\/wp\/v2\/posts\/7318\/revisions\/7321"}],"wp:featuredmedia":[{"embeddable":true,"href":"https:\/\/tg.edu.rs\/hun\/wp-json\/wp\/v2\/media\/7320"}],"wp:attachment":[{"href":"https:\/\/tg.edu.rs\/hun\/wp-json\/wp\/v2\/media?parent=7318"}],"wp:term":[{"taxonomy":"category","embeddable":true,"href":"https:\/\/tg.edu.rs\/hun\/wp-json\/wp\/v2\/categories?post=7318"},{"taxonomy":"post_tag","embeddable":true,"href":"https:\/\/tg.edu.rs\/hun\/wp-json\/wp\/v2\/tags?post=7318"}],"curies":[{"name":"wp","href":"https:\/\/api.w.org\/{rel}","templated":true}]}}