{"id":600,"date":"2010-10-22T22:32:07","date_gmt":"2010-10-22T20:32:07","guid":{"rendered":"http:\/\/localhost\/wordpressuj\/?p=600"},"modified":"2013-02-22T13:30:35","modified_gmt":"2013-02-22T12:30:35","slug":"kifli-kornyezettudatos-ifjusag","status":"publish","type":"post","link":"https:\/\/tg.edu.rs\/hun\/kifli-kornyezettudatos-ifjusag\/","title":{"rendered":"KIFLI \u2013 K\u00f6rnyezettudatos Ifj\u00fas\u00e1g"},"content":{"rendered":"<p>Okt\u00f3ber 15-\u00e9t\u0151l 22-\u00e9ig tartottak Kop\u00e1cson, a budapesti Metsz\u00e9s.hu Egyes\u00fclet \u00e9s a Horv\u00e1torsz\u00e1gi Magyarok Demokratikus K\u00f6z\u00f6ss\u00e9ge szervez\u00e9s\u00e9ben Youthpass k\u00e9pz\u00e9si programot, melyen iskol\u00e1nk di\u00e1kja, Kurfis Daniella is r\u00e9szt vett. A t\u00e9ma a fenntarthat\u00f3 fejl\u0151d\u00e9s, az aktu\u00e1lis glob\u00e1lis probl\u00e9m\u00e1k, illetve a k\u00f6rnyezettudatos gondolkod\u00e1s \u00e9s cselekv\u00e9s a t\u00e9m\u00e1ja volt. Ezenk\u00edv\u00fcl lehet\u0151s\u00e9get kaptak a r\u00e9sztvev\u0151k arra, hogy a Fiatalok Lend\u00fcletben programon bel\u00fcl \u00faj projekt\u00f6tletekkel tudjanak a k\u00f6rnyezetv\u00e9delem \u00e9rdek\u00e9ben tev\u00e9kenykedni, illetve annak kih\u00edv\u00e1saira v\u00e1laszolni. A harminc K\u00e1rp\u00e1t-medencei fiatal a hivatalos programokon k\u00edv\u00fcl a vid\u00e9k nevezetess\u00e9geivel is megismerkedett, \u00edgy pl. haj\u00f3kir\u00e1ndul\u00e1son vettek r\u00e9szt a Kop\u00e1csi-r\u00e9tben, de vukov\u00e1ri \u00e9s esz\u00e9ki v\u00e1rosn\u00e9z\u00e9sre is sor ker\u00fclt.<\/p>\n<p>A Youthpass k\u00e9pz\u00e9s egy, az Eur\u00f3pai Uni\u00f3 Fiatalok Lend\u00fcletben Programja keret\u00e9ben t\u00e1mogatott k\u00e9pz\u00e9si programok sor\u00e1n ifj\u00fas\u00e1gseg\u00edt\u0151k, ifj\u00fas\u00e1gvezet\u0151k azzal a c\u00e9llal t\u00f6ltenek egy\u00fctt t\u00f6bb napot, hogy eur\u00f3pai szinten k\u00f6z\u00f6sen dolgozzanak fel valamely konkr\u00e9t, munk\u00e1jukhoz, \u00e9rdekl\u0151d\u00e9si ter\u00fclet\u00fckh\u00f6z kapcsol\u00f3d\u00f3 t\u00e9m\u00e1t. A k\u00e9pz\u00e9sek el\u0151seg\u00edtik az eur\u00f3pai szint\u0171 egy\u00fcttm\u0171k\u00f6d\u00e9st, a tud\u00e1s\u00e1tad\u00e1st, a tapasztalatcser\u00e9t az ifj\u00fas\u00e1gi munka ter\u00fclet\u00e9n. Teret nyitnak a r\u00e9sztvev\u0151k kezdem\u00e9nyez\u0151k\u00e9szs\u00e9g\u00e9nek \u00e9s kreativit\u00e1s\u00e1nak.<\/p>\n","protected":false},"excerpt":{"rendered":"<p>Okt\u00f3ber 15-\u00e9t\u0151l 22-\u00e9ig tartottak Kop\u00e1cson, a budapesti Metsz\u00e9s.hu Egyes\u00fclet \u00e9s a Horv\u00e1torsz\u00e1gi Magyarok Demokratikus K\u00f6z\u00f6ss\u00e9ge szervez\u00e9s\u00e9ben Youthpass k\u00e9pz\u00e9si programot, melyen iskol\u00e1nk di\u00e1kja, Kurfis Daniella is r\u00e9szt vett. A t\u00e9ma a fenntarthat\u00f3 fejl\u0151d\u00e9s, az aktu\u00e1lis glob\u00e1lis probl\u00e9m\u00e1k, illetve a k\u00f6rnyezettudatos gondolkod\u00e1s<span class=\"ellipsis\">&hellip;<\/span><\/p>\n<div class=\"read-more\"><a href=\"https:\/\/tg.edu.rs\/hun\/kifli-kornyezettudatos-ifjusag\/\">Tov\u00e1bb \u203a<\/a><\/div>\n<p><!-- end of .read-more --><\/p>\n","protected":false},"author":1,"featured_media":4586,"comment_status":"open","ping_status":"open","sticky":false,"template":"","format":"standard","meta":{"_mi_skip_tracking":false},"categories":[33,5],"tags":[40,61],"aioseo_notices":[],"_links":{"self":[{"href":"https:\/\/tg.edu.rs\/hun\/wp-json\/wp\/v2\/posts\/600"}],"collection":[{"href":"https:\/\/tg.edu.rs\/hun\/wp-json\/wp\/v2\/posts"}],"about":[{"href":"https:\/\/tg.edu.rs\/hun\/wp-json\/wp\/v2\/types\/post"}],"author":[{"embeddable":true,"href":"https:\/\/tg.edu.rs\/hun\/wp-json\/wp\/v2\/users\/1"}],"replies":[{"embeddable":true,"href":"https:\/\/tg.edu.rs\/hun\/wp-json\/wp\/v2\/comments?post=600"}],"version-history":[{"count":2,"href":"https:\/\/tg.edu.rs\/hun\/wp-json\/wp\/v2\/posts\/600\/revisions"}],"predecessor-version":[{"id":4585,"href":"https:\/\/tg.edu.rs\/hun\/wp-json\/wp\/v2\/posts\/600\/revisions\/4585"}],"wp:featuredmedia":[{"embeddable":true,"href":"https:\/\/tg.edu.rs\/hun\/wp-json\/wp\/v2\/media\/4586"}],"wp:attachment":[{"href":"https:\/\/tg.edu.rs\/hun\/wp-json\/wp\/v2\/media?parent=600"}],"wp:term":[{"taxonomy":"category","embeddable":true,"href":"https:\/\/tg.edu.rs\/hun\/wp-json\/wp\/v2\/categories?post=600"},{"taxonomy":"post_tag","embeddable":true,"href":"https:\/\/tg.edu.rs\/hun\/wp-json\/wp\/v2\/tags?post=600"}],"curies":[{"name":"wp","href":"https:\/\/api.w.org\/{rel}","templated":true}]}}