{"id":4369,"date":"2009-03-14T10:50:46","date_gmt":"2009-03-14T09:50:46","guid":{"rendered":"http:\/\/tg.edu.rs\/hun\/?p=4369"},"modified":"2013-02-19T10:53:20","modified_gmt":"2013-02-19T09:53:20","slug":"kozsegi-anyanyelvi-verseny","status":"publish","type":"post","link":"https:\/\/tg.edu.rs\/hun\/kozsegi-anyanyelvi-verseny\/","title":{"rendered":"K\u00f6zs\u00e9gi anyanyelvi verseny"},"content":{"rendered":"<p><span>Gimn\u00e1ziumunkban ker\u00fclt sor a k\u00f6z\u00e9piskol\u00e1sok anyanyelvi verseny\u00e9nek k\u00f6zs\u00e9gi d\u00f6nt\u0151j\u00e9re. Ezen a versenyfokozaton Szabadka k\u00f6zs\u00e9g k\u00f6z\u00e9piskol\u00e1s di\u00e1kjai m\u00e9rt\u00e9k \u00f6ssze tud\u00e1sukat, 8 iskol\u00e1b\u00f3l 43 tanul\u00f3. Di\u00e1kjaink az id\u00e9n is nagyon j\u00f3l szerepeltek a versenyen:<\/span><\/p>\n<p><span>Az I. oszt\u00e1lyosok mez\u0151ny\u00e9ben 1. helyez\u00e9st \u00e9rt el Kov\u00e1cs K\u00e1lm\u00e1n, m\u00e1sodik lett Sz\u0151ke T\u00edmea \u00e9s Szalma Judit.<br \/>\nA II. oszt\u00e1lyosok verseny\u00e9ben 1. helyezett Papilion Viola, 2. Lajszt Brigitta \u00e9s 3. helyez\u00e9st \u00e9rt el Dup\u00e1k Karina.<br \/>\nA III. oszt\u00e1lyosok k\u00f6z\u00f6tt 2. lett Dusnoki Adrianna.<br \/>\nV\u00e9gz\u0151seink k\u00f6z\u00fcl pedig 1. helyez\u00e9st \u00e9rt el B\u00f6rcs\u00f6k Andrea, Merzsa Ildik\u00f3 pedig 3. lett.<\/p>\n<p>\u0150k k\u00e9pviselik gimn\u00e1ziumunkat, \u00e9s a t\u00f6bbi dobog\u00f3s helyezettel egy\u00fctt Szabadka k\u00f6zs\u00e9get az \u00e1prilisi k\u00f6rzeti versenyen.<\/p>\n<p><\/span><\/p>\n","protected":false},"excerpt":{"rendered":"<p>Gimn\u00e1ziumunkban ker\u00fclt sor a k\u00f6z\u00e9piskol\u00e1sok anyanyelvi verseny\u00e9nek k\u00f6zs\u00e9gi d\u00f6nt\u0151j\u00e9re. Ezen a versenyfokozaton Szabadka k\u00f6zs\u00e9g k\u00f6z\u00e9piskol\u00e1s di\u00e1kjai m\u00e9rt\u00e9k \u00f6ssze tud\u00e1sukat, 8 iskol\u00e1b\u00f3l 43 tanul\u00f3. Di\u00e1kjaink az id\u00e9n is nagyon j\u00f3l szerepeltek a versenyen: Az I. oszt\u00e1lyosok mez\u0151ny\u00e9ben 1. helyez\u00e9st \u00e9rt el<span class=\"ellipsis\">&hellip;<\/span><\/p>\n<div class=\"read-more\"><a href=\"https:\/\/tg.edu.rs\/hun\/kozsegi-anyanyelvi-verseny\/\">Tov\u00e1bb \u203a<\/a><\/div>\n<p><!-- end of .read-more --><\/p>\n","protected":false},"author":1,"featured_media":3000,"comment_status":"open","ping_status":"open","sticky":false,"template":"","format":"standard","meta":{"_mi_skip_tracking":false},"categories":[27,5],"tags":[39,56,77],"aioseo_notices":[],"_links":{"self":[{"href":"https:\/\/tg.edu.rs\/hun\/wp-json\/wp\/v2\/posts\/4369"}],"collection":[{"href":"https:\/\/tg.edu.rs\/hun\/wp-json\/wp\/v2\/posts"}],"about":[{"href":"https:\/\/tg.edu.rs\/hun\/wp-json\/wp\/v2\/types\/post"}],"author":[{"embeddable":true,"href":"https:\/\/tg.edu.rs\/hun\/wp-json\/wp\/v2\/users\/1"}],"replies":[{"embeddable":true,"href":"https:\/\/tg.edu.rs\/hun\/wp-json\/wp\/v2\/comments?post=4369"}],"version-history":[{"count":1,"href":"https:\/\/tg.edu.rs\/hun\/wp-json\/wp\/v2\/posts\/4369\/revisions"}],"predecessor-version":[{"id":4370,"href":"https:\/\/tg.edu.rs\/hun\/wp-json\/wp\/v2\/posts\/4369\/revisions\/4370"}],"wp:featuredmedia":[{"embeddable":true,"href":"https:\/\/tg.edu.rs\/hun\/wp-json\/wp\/v2\/media\/3000"}],"wp:attachment":[{"href":"https:\/\/tg.edu.rs\/hun\/wp-json\/wp\/v2\/media?parent=4369"}],"wp:term":[{"taxonomy":"category","embeddable":true,"href":"https:\/\/tg.edu.rs\/hun\/wp-json\/wp\/v2\/categories?post=4369"},{"taxonomy":"post_tag","embeddable":true,"href":"https:\/\/tg.edu.rs\/hun\/wp-json\/wp\/v2\/tags?post=4369"}],"curies":[{"name":"wp","href":"https:\/\/api.w.org\/{rel}","templated":true}]}}