{"id":4303,"date":"2010-04-24T09:29:10","date_gmt":"2010-04-24T07:29:10","guid":{"rendered":"http:\/\/tg.edu.rs\/hun\/?p=4303"},"modified":"2013-02-25T13:36:23","modified_gmt":"2013-02-25T12:36:23","slug":"kivalo-teljesitmenyek-az-idei-kmv-n-is","status":"publish","type":"post","link":"https:\/\/tg.edu.rs\/hun\/kivalo-teljesitmenyek-az-idei-kmv-n-is\/","title":{"rendered":"Kiv\u00e1l\u00f3 teljes\u00edtm\u00e9nyek az idei KMV-n is!"},"content":{"rendered":"<p><span>A XLIII. KMV, a K\u00f6z\u00e9piskol\u00e1sok M\u0171v\u00e9szeti Vet\u00e9lked\u0151je \u00f3becsei d\u00f6nt\u0151j\u00e9n szombaton tartott\u00e1k meg az irodalmi vet\u00e9lked\u0151t, ahol a k\u00f6z\u00e9piskol\u00e1sok novell\u00e1ikkal, verseikkel, publicisztikai \u00edr\u00e1saikkal, \u00e9rtekez\u0151 pr\u00f3z\u00e1ikkal illetve humoreszkjeikkel versenyeztek. Ezzel z\u00e1rult le a KMV d\u00f6nt\u0151inek sorozata. Di\u00e1kjaink az el\u0151d\u00f6nt\u0151k ut\u00e1n a d\u00f6nt\u0151ben is kiv\u00e1l\u00f3an szerepeltek, szinte minden kateg\u00f3ri\u00e1ban a legjobbak k\u00f6z\u00f6tt v\u00e9geztek. \u00cdme a d\u00edjazottak n\u00e9vsora: \u00a0<\/span><\/p>\n<p><span>BESZ\u00c9DM\u0170V\u00c9SZETI VET\u00c9LKED\u0150<\/span><\/p>\n<p>A NOVELLA kateg\u00f3ri\u00e1j\u00e1ban I. d\u00edj Kov\u00e1cs \u00c1kos<\/p>\n<p>A VERS\u00cdR\u00d3K k\u00f6z\u00fcl II. d\u00edjas Borb\u00e9ly \u00c9va<\/p>\n<p>A legjobb PUBLICISZTIKAI \u00cdR\u00c1S d\u00edj\u00e1t Sz\u0151ke T\u00edmea kapta<\/p>\n<p>\u00c9RTEKEZ\u0150 PR\u00d3ZA II. d\u00edjas Farag\u00f3 Helga, III. d\u00edjas Borb\u00e9ly \u00c9va.<\/p>\n<p>VERSMOND\u00c1S:I. d\u00edj F\u00fcl\u00f6p T\u00edmea (a di\u00e1kzs\u0171ri d\u00f6nt\u00e9se alapj\u00e1n is \u0151 volt a legjobb)<\/p>\n<p>N\u00c9PZENEI \u00c9S N\u00c9PT\u00c1NC VET\u00c9LKED\u0150<\/p>\n<p>\u00c9NEKKETT\u0150S kateg\u00f3ri\u00e1ban II. d\u00edjas. Szab\u00f3 Annam\u00e1ria (Csizmadia Ann\u00e1val), III. Pov\u00e1zs\u00e1nszki Csilla (Cs\u0151ke Andre\u00e1val)<\/p>\n<p>M\u0170FORD\u00cdT\u00d3I VET\u00c9LKED\u0150<\/p>\n<p>N\u00c9MET NYELVR\u0150L<br \/>\nII. hely: Ladancsik Tibor (E. Ackermann: Mindennapi evol\u00faci\u00f3)<br \/>\nvalamint, II. hely: T\u00f6lgyesi Sarolta (F. K. Kanzler: \u00c9jjeli pillang\u00f3)<\/p>\n<p>ANGOL NYELVR\u0150L<br \/>\nI. d\u00edj Szalvai Ram\u00f3na \u00e9s Prole Laura k\u00f6z\u00f6s ford\u00edt\u00e1sa (Sharon Cullars: Kar\u00e1csonyi csokol\u00e1d\u00e9s t\u00f6rt\u00e9net), II. d\u00edj Dup\u00e1k Karina (Sharon Cullars: Kar\u00e1csonyi csokol\u00e1d\u00e9s t\u00f6rt\u00e9netet)<\/p>\n<p>SZERB NYELVR\u0150L<br \/>\nI. helyezett: Ma\u010dkovi\u0107 Anna, II. helyezett: K\u00e9m\u00e9nczy No\u00e9mi, III. helyezett: Harkai Anita \u00e9s Papilion Viola k\u00f6z\u00f6s ford\u00edt\u00e1sa<\/p>\n<p>SZ\u00cdN- \u00c9S FILMM\u0170V\u00c9SZETI VET\u00c9LKED\u0150<\/p>\n<p>J\u00c1T\u00c9KFILM kateg\u00f3ria:<br \/>\nI. d\u00edj Kov\u00e1cs \u00c1kos (BUTTERFLY PICTURES VOJVODINA): F\u00fcgg\u0151s\u00e9g<\/p>\n<p>PLAK\u00c1TP\u00c1LY\u00c1ZAT<br \/>\nI. helyezett: Kov\u00e1cs \u00c1kos<\/p>\n","protected":false},"excerpt":{"rendered":"<p>A XLIII. KMV, a K\u00f6z\u00e9piskol\u00e1sok M\u0171v\u00e9szeti Vet\u00e9lked\u0151je \u00f3becsei d\u00f6nt\u0151j\u00e9n szombaton tartott\u00e1k meg az irodalmi vet\u00e9lked\u0151t, ahol a k\u00f6z\u00e9piskol\u00e1sok novell\u00e1ikkal, verseikkel, publicisztikai \u00edr\u00e1saikkal, \u00e9rtekez\u0151 pr\u00f3z\u00e1ikkal illetve humoreszkjeikkel versenyeztek. Ezzel z\u00e1rult le a KMV d\u00f6nt\u0151inek sorozata. Di\u00e1kjaink az el\u0151d\u00f6nt\u0151k ut\u00e1n a d\u00f6nt\u0151ben<span class=\"ellipsis\">&hellip;<\/span><\/p>\n<div class=\"read-more\"><a href=\"https:\/\/tg.edu.rs\/hun\/kivalo-teljesitmenyek-az-idei-kmv-n-is\/\">Tov\u00e1bb \u203a<\/a><\/div>\n<p><!-- end of .read-more --><\/p>\n","protected":false},"author":1,"featured_media":4783,"comment_status":"open","ping_status":"open","sticky":false,"template":"","format":"standard","meta":{"_mi_skip_tracking":false},"categories":[30,5],"tags":[40,50,56,62,77],"aioseo_notices":[],"_links":{"self":[{"href":"https:\/\/tg.edu.rs\/hun\/wp-json\/wp\/v2\/posts\/4303"}],"collection":[{"href":"https:\/\/tg.edu.rs\/hun\/wp-json\/wp\/v2\/posts"}],"about":[{"href":"https:\/\/tg.edu.rs\/hun\/wp-json\/wp\/v2\/types\/post"}],"author":[{"embeddable":true,"href":"https:\/\/tg.edu.rs\/hun\/wp-json\/wp\/v2\/users\/1"}],"replies":[{"embeddable":true,"href":"https:\/\/tg.edu.rs\/hun\/wp-json\/wp\/v2\/comments?post=4303"}],"version-history":[{"count":4,"href":"https:\/\/tg.edu.rs\/hun\/wp-json\/wp\/v2\/posts\/4303\/revisions"}],"predecessor-version":[{"id":4782,"href":"https:\/\/tg.edu.rs\/hun\/wp-json\/wp\/v2\/posts\/4303\/revisions\/4782"}],"wp:featuredmedia":[{"embeddable":true,"href":"https:\/\/tg.edu.rs\/hun\/wp-json\/wp\/v2\/media\/4783"}],"wp:attachment":[{"href":"https:\/\/tg.edu.rs\/hun\/wp-json\/wp\/v2\/media?parent=4303"}],"wp:term":[{"taxonomy":"category","embeddable":true,"href":"https:\/\/tg.edu.rs\/hun\/wp-json\/wp\/v2\/categories?post=4303"},{"taxonomy":"post_tag","embeddable":true,"href":"https:\/\/tg.edu.rs\/hun\/wp-json\/wp\/v2\/tags?post=4303"}],"curies":[{"name":"wp","href":"https:\/\/api.w.org\/{rel}","templated":true}]}}