{"id":4247,"date":"2009-12-08T08:22:22","date_gmt":"2009-12-08T07:22:22","guid":{"rendered":"http:\/\/tg.edu.rs\/hun\/?p=4247"},"modified":"2013-02-27T10:22:48","modified_gmt":"2013-02-27T09:22:48","slug":"magyar-tudomanyossag-a-vajdasagban-2","status":"publish","type":"post","link":"https:\/\/tg.edu.rs\/hun\/magyar-tudomanyossag-a-vajdasagban-2\/","title":{"rendered":"Magyar tudom\u00e1nyoss\u00e1g a Vajdas\u00e1gban"},"content":{"rendered":"<p><span>A Magyar K\u00f6zt\u00e1rsas\u00e1g Belgr\u00e1di Nagyk\u00f6vets\u00e9ge \u00e9s a Szabadkai F\u0151konzul\u00e1tusa, valamint a Magyar Nemzeti Tan\u00e1cs szervez\u00e9s\u00e9ben Nagybecskereken, a v\u00e1rosh\u00e1za d\u00edszterm\u00e9ben tartott\u00e1k meg ma a Magyar tudom\u00e1nyoss\u00e1g a Vajdas\u00e1gban c\u00edmmel ki\u00edrt p\u00e1ly\u00e1zat d\u00edjkioszt\u00f3 \u00fcnneps\u00e9get, amelyet a 2009. \u00e9vi Magyar Tudom\u00e1ny \u00dcnnepe keret\u00e9ben rendeztek meg.\u00a0<\/span>Di\u00e1kjaink hagyom\u00e1nyosan nagy sikerrel szerepeltek ezen a p\u00e1ly\u00e1zaton is.<\/p>\n<p><span>Audiovizu\u00e1lis kateg\u00f3ri\u00e1ban 2. d\u00edjazott : Kov\u00e1cs \u00c1kos \u00e9s T\u00f3th Szil\u00e1rd (IV.A) Rib\u00e1r B\u00e9la munk\u00e1ss\u00e1g\u00e1r\u00f3l k\u00e9sz\u00edtett kisfilmj\u00fckkel,<br \/>\nessz\u00e9 kateg\u00f3ri\u00e1ban 3. d\u00edjazott: \u00c1rp\u00e1s T\u00edmea, Ejzler Evila \u00e9s Kov\u00e1cs Sarolta (IV.N,IV.A) Nagyap\u00e1ti Kukac P\u00e9ter m\u0171veinek ut\u00f3\u00e9let\u00e9r\u0151l sz\u00f3l\u00f3 munk\u00e1j\u00e1val.<\/span><\/p>\n","protected":false},"excerpt":{"rendered":"<p>A Magyar K\u00f6zt\u00e1rsas\u00e1g Belgr\u00e1di Nagyk\u00f6vets\u00e9ge \u00e9s a Szabadkai F\u0151konzul\u00e1tusa, valamint a Magyar Nemzeti Tan\u00e1cs szervez\u00e9s\u00e9ben Nagybecskereken, a v\u00e1rosh\u00e1za d\u00edszterm\u00e9ben tartott\u00e1k meg ma a Magyar tudom\u00e1nyoss\u00e1g a Vajdas\u00e1gban c\u00edmmel ki\u00edrt p\u00e1ly\u00e1zat d\u00edjkioszt\u00f3 \u00fcnneps\u00e9get, amelyet a 2009. \u00e9vi Magyar Tudom\u00e1ny \u00dcnnepe keret\u00e9ben<span class=\"ellipsis\">&hellip;<\/span><\/p>\n<div class=\"read-more\"><a href=\"https:\/\/tg.edu.rs\/hun\/magyar-tudomanyossag-a-vajdasagban-2\/\">Tov\u00e1bb \u203a<\/a><\/div>\n<p><!-- end of .read-more --><\/p>\n","protected":false},"author":1,"featured_media":4991,"comment_status":"open","ping_status":"open","sticky":false,"template":"","format":"standard","meta":{"_mi_skip_tracking":false},"categories":[30,5],"tags":[39,50,56,108],"aioseo_notices":[],"_links":{"self":[{"href":"https:\/\/tg.edu.rs\/hun\/wp-json\/wp\/v2\/posts\/4247"}],"collection":[{"href":"https:\/\/tg.edu.rs\/hun\/wp-json\/wp\/v2\/posts"}],"about":[{"href":"https:\/\/tg.edu.rs\/hun\/wp-json\/wp\/v2\/types\/post"}],"author":[{"embeddable":true,"href":"https:\/\/tg.edu.rs\/hun\/wp-json\/wp\/v2\/users\/1"}],"replies":[{"embeddable":true,"href":"https:\/\/tg.edu.rs\/hun\/wp-json\/wp\/v2\/comments?post=4247"}],"version-history":[{"count":3,"href":"https:\/\/tg.edu.rs\/hun\/wp-json\/wp\/v2\/posts\/4247\/revisions"}],"predecessor-version":[{"id":4990,"href":"https:\/\/tg.edu.rs\/hun\/wp-json\/wp\/v2\/posts\/4247\/revisions\/4990"}],"wp:featuredmedia":[{"embeddable":true,"href":"https:\/\/tg.edu.rs\/hun\/wp-json\/wp\/v2\/media\/4991"}],"wp:attachment":[{"href":"https:\/\/tg.edu.rs\/hun\/wp-json\/wp\/v2\/media?parent=4247"}],"wp:term":[{"taxonomy":"category","embeddable":true,"href":"https:\/\/tg.edu.rs\/hun\/wp-json\/wp\/v2\/categories?post=4247"},{"taxonomy":"post_tag","embeddable":true,"href":"https:\/\/tg.edu.rs\/hun\/wp-json\/wp\/v2\/tags?post=4247"}],"curies":[{"name":"wp","href":"https:\/\/api.w.org\/{rel}","templated":true}]}}