{"id":4238,"date":"2009-10-10T08:12:46","date_gmt":"2009-10-10T06:12:46","guid":{"rendered":"http:\/\/tg.edu.rs\/hun\/?p=4238"},"modified":"2013-02-27T10:43:47","modified_gmt":"2013-02-27T09:43:47","slug":"setalunk","status":"publish","type":"post","link":"https:\/\/tg.edu.rs\/hun\/setalunk\/","title":{"rendered":"S\u00e9t\u00e1lunk"},"content":{"rendered":"<p><span>\u00a0 A szabadkai Spartacus Hegym\u00e1sz\u00f3 Klub imm\u00e1r 25. alkalommal szervezte meg a h\u00e9tv\u00e9g\u00e9n a szerbiai hegym\u00e1sz\u00f3k \u0151szi tal\u00e1lkoz\u00f3j\u00e1t, amelynek keret\u00e9ben t\u00f6bb mint 500-an vettek r\u00e9szt a hagyom\u00e1nyos palicsi s\u00e9t\u00e1n. A j\u00f3 hangulat\u00fa t\u00far\u00e1n ott voltak di\u00e1kjaink is, Burna\u0107 Gordana f\u00f6ldrajztan\u00e1rn\u0151 vezet\u00e9s\u00e9vel.<\/span><\/p>\n","protected":false},"excerpt":{"rendered":"<p>\u00a0 A szabadkai Spartacus Hegym\u00e1sz\u00f3 Klub imm\u00e1r 25. alkalommal szervezte meg a h\u00e9tv\u00e9g\u00e9n a szerbiai hegym\u00e1sz\u00f3k \u0151szi tal\u00e1lkoz\u00f3j\u00e1t, amelynek keret\u00e9ben t\u00f6bb mint 500-an vettek r\u00e9szt a hagyom\u00e1nyos palicsi s\u00e9t\u00e1n. A j\u00f3 hangulat\u00fa t\u00far\u00e1n ott voltak di\u00e1kjaink is, Burna\u0107 Gordana f\u00f6ldrajztan\u00e1rn\u0151<span class=\"ellipsis\">&hellip;<\/span><\/p>\n<div class=\"read-more\"><a href=\"https:\/\/tg.edu.rs\/hun\/setalunk\/\">Tov\u00e1bb \u203a<\/a><\/div>\n<p><!-- end of .read-more --><\/p>\n","protected":false},"author":1,"featured_media":5023,"comment_status":"open","ping_status":"open","sticky":false,"template":"","format":"standard","meta":{"_mi_skip_tracking":false},"categories":[30,5],"tags":[39,54,56,60,96,72],"aioseo_notices":[],"_links":{"self":[{"href":"https:\/\/tg.edu.rs\/hun\/wp-json\/wp\/v2\/posts\/4238"}],"collection":[{"href":"https:\/\/tg.edu.rs\/hun\/wp-json\/wp\/v2\/posts"}],"about":[{"href":"https:\/\/tg.edu.rs\/hun\/wp-json\/wp\/v2\/types\/post"}],"author":[{"embeddable":true,"href":"https:\/\/tg.edu.rs\/hun\/wp-json\/wp\/v2\/users\/1"}],"replies":[{"embeddable":true,"href":"https:\/\/tg.edu.rs\/hun\/wp-json\/wp\/v2\/comments?post=4238"}],"version-history":[{"count":3,"href":"https:\/\/tg.edu.rs\/hun\/wp-json\/wp\/v2\/posts\/4238\/revisions"}],"predecessor-version":[{"id":5024,"href":"https:\/\/tg.edu.rs\/hun\/wp-json\/wp\/v2\/posts\/4238\/revisions\/5024"}],"wp:featuredmedia":[{"embeddable":true,"href":"https:\/\/tg.edu.rs\/hun\/wp-json\/wp\/v2\/media\/5023"}],"wp:attachment":[{"href":"https:\/\/tg.edu.rs\/hun\/wp-json\/wp\/v2\/media?parent=4238"}],"wp:term":[{"taxonomy":"category","embeddable":true,"href":"https:\/\/tg.edu.rs\/hun\/wp-json\/wp\/v2\/categories?post=4238"},{"taxonomy":"post_tag","embeddable":true,"href":"https:\/\/tg.edu.rs\/hun\/wp-json\/wp\/v2\/tags?post=4238"}],"curies":[{"name":"wp","href":"https:\/\/api.w.org\/{rel}","templated":true}]}}