{"id":4236,"date":"2009-10-08T08:11:45","date_gmt":"2009-10-08T06:11:45","guid":{"rendered":"http:\/\/tg.edu.rs\/hun\/?p=4236"},"modified":"2013-02-27T10:45:16","modified_gmt":"2013-02-27T09:45:16","slug":"szarvas-gabor-nyelvmuvelo-napok-2","status":"publish","type":"post","link":"https:\/\/tg.edu.rs\/hun\/szarvas-gabor-nyelvmuvelo-napok-2\/","title":{"rendered":"Szarvas G\u00e1bor nyelvm\u0171vel\u0151 napok"},"content":{"rendered":"<p><span>A Szarvas G\u00e1bor nyelvm\u0171vel\u0151 napok nyelv\u00e9szeti p\u00e1ly\u00e1zat\u00e1nak m\u00e9g a tavalyi iskola\u00e9vben ki\u00edrt t\u00e9m\u00e1ja \u2013 a Kazinczy-\u00e9v kapcs\u00e1n \u2013 a nyelv\u00faj\u00edt\u00e1s volt. A k\u00f6z\u00e9piskol\u00e1sok essz\u00e9p\u00e1ly\u00e1zat\u00e1nak c\u00edme: Ha r\u00e1m b\u00edzn\u00e1k nyelv\u00fcnk meg\u00faj\u00edt\u00e1s\u00e1t\u2026 volt. Iskol\u00e1nk (akkor m\u00e9g) m\u00e1sodikos di\u00e1kjai nagy sz\u00e1mmal vettek r\u00e9szt ezen a p\u00e1ly\u00e1zaton, ami\u00e9rt a nyelvm\u0171vel\u0151 egyes\u00fclet eln\u00f6ke k\u00fcl\u00f6n k\u00f6sz\u00f6netet is mondott.<\/span><\/p>\n<p><span>Az eredm\u00e9nyhirdet\u00e9sre most ker\u00fclt sor: a p\u00e1ly\u00e1zat m\u00e1sodik d\u00edjas \u00edr\u00e1sa Kozma Adrienn (III.N) essz\u00e9je, Magosi L\u00f3r\u00e1nd (III.A) pedig k\u00fcl\u00f6nd\u00edjban r\u00e9szes\u00fclt. A Szarvas G\u00e1bor nyelvm\u0171vel\u0151 napok keret\u00e9ben hagyom\u00e1nyosan megrendezik a besz\u00e9dm\u0171v\u00e9szeti vet\u00e9lked\u0151t is. A verseny harmadik helyezettje id\u00e9n Ejzler Evila (IV.N) lett, aki Hamvas B\u00e9la A VII. szimf\u00f3nia \u00e9s a zene metafizik\u00e1ja c\u00edm\u0171 sz\u00f6veg\u00e9t adta el\u0151.<\/span><\/p>\n","protected":false},"excerpt":{"rendered":"<p>A Szarvas G\u00e1bor nyelvm\u0171vel\u0151 napok nyelv\u00e9szeti p\u00e1ly\u00e1zat\u00e1nak m\u00e9g a tavalyi iskola\u00e9vben ki\u00edrt t\u00e9m\u00e1ja \u2013 a Kazinczy-\u00e9v kapcs\u00e1n \u2013 a nyelv\u00faj\u00edt\u00e1s volt. A k\u00f6z\u00e9piskol\u00e1sok essz\u00e9p\u00e1ly\u00e1zat\u00e1nak c\u00edme: Ha r\u00e1m b\u00edzn\u00e1k nyelv\u00fcnk meg\u00faj\u00edt\u00e1s\u00e1t\u2026 volt. Iskol\u00e1nk (akkor m\u00e9g) m\u00e1sodikos di\u00e1kjai nagy sz\u00e1mmal vettek r\u00e9szt<span class=\"ellipsis\">&hellip;<\/span><\/p>\n<div class=\"read-more\"><a href=\"https:\/\/tg.edu.rs\/hun\/szarvas-gabor-nyelvmuvelo-napok-2\/\">Tov\u00e1bb \u203a<\/a><\/div>\n<p><!-- end of .read-more --><\/p>\n","protected":false},"author":1,"featured_media":5026,"comment_status":"open","ping_status":"open","sticky":false,"template":"","format":"standard","meta":{"_mi_skip_tracking":false},"categories":[30,5],"tags":[39,50,56,77],"aioseo_notices":[],"_links":{"self":[{"href":"https:\/\/tg.edu.rs\/hun\/wp-json\/wp\/v2\/posts\/4236"}],"collection":[{"href":"https:\/\/tg.edu.rs\/hun\/wp-json\/wp\/v2\/posts"}],"about":[{"href":"https:\/\/tg.edu.rs\/hun\/wp-json\/wp\/v2\/types\/post"}],"author":[{"embeddable":true,"href":"https:\/\/tg.edu.rs\/hun\/wp-json\/wp\/v2\/users\/1"}],"replies":[{"embeddable":true,"href":"https:\/\/tg.edu.rs\/hun\/wp-json\/wp\/v2\/comments?post=4236"}],"version-history":[{"count":4,"href":"https:\/\/tg.edu.rs\/hun\/wp-json\/wp\/v2\/posts\/4236\/revisions"}],"predecessor-version":[{"id":5027,"href":"https:\/\/tg.edu.rs\/hun\/wp-json\/wp\/v2\/posts\/4236\/revisions\/5027"}],"wp:featuredmedia":[{"embeddable":true,"href":"https:\/\/tg.edu.rs\/hun\/wp-json\/wp\/v2\/media\/5026"}],"wp:attachment":[{"href":"https:\/\/tg.edu.rs\/hun\/wp-json\/wp\/v2\/media?parent=4236"}],"wp:term":[{"taxonomy":"category","embeddable":true,"href":"https:\/\/tg.edu.rs\/hun\/wp-json\/wp\/v2\/categories?post=4236"},{"taxonomy":"post_tag","embeddable":true,"href":"https:\/\/tg.edu.rs\/hun\/wp-json\/wp\/v2\/tags?post=4236"}],"curies":[{"name":"wp","href":"https:\/\/api.w.org\/{rel}","templated":true}]}}