{"id":15807,"date":"2018-06-26T17:31:10","date_gmt":"2018-06-26T15:31:10","guid":{"rendered":"http:\/\/tg.edu.rs\/hun\/?p=15807"},"modified":"2018-08-27T17:38:05","modified_gmt":"2018-08-27T15:38:05","slug":"kamp-bez-granica","status":"publish","type":"post","link":"https:\/\/tg.edu.rs\/hun\/kamp-bez-granica\/","title":{"rendered":"Kamp bez granica"},"content":{"rendered":"<p>A KDTG csapata is r\u00e9szt vett a kanizsai t\u00e1borban, ami a Tartom\u00e1nyi Oktat\u00e1s\u00fcgyi Titk\u00e1rs\u00e1g \u00e9s az Ana &amp; Bastian Ifj\u00fas\u00e1gi K\u00f6zpont szervez\u00e9s\u00e9ben val\u00f3sult meg. A t\u00e1borban a gyerekeket kevert csapatokba osztott\u00e1k m\u00e1s vajdas\u00e1gi k\u00f6z\u00e9piskol\u00e1k tanul\u00f3ival egy\u00fctt \u00e9s k\u00fcl\u00f6nf\u00e9le \u00fcgyess\u00e9gi j\u00e1t\u00e9kokon vettek r\u00e9szt, amit kiv\u00e9tel n\u00e9lk\u00fcl nagyon \u00e9lveztek. V\u00e9g\u00fcl a KDTG k\u00eds\u00e9r\u0151 tan\u00e1ra \u00e1ltal vezetett csapat (RED FLAMES) nyerte meg a vet\u00e9lked\u0151t \u00e9s ezzel egy utaz\u00e1st k\u00fclf\u00f6ldre. Gratul\u00e1lunk!<\/p>\n<p>A r\u00e9sztvev\u0151 di\u00e1kok: Pint\u00e9r Fanny 2N, Kov\u00e1cs Anna 3N, Sz\u00f6gi Barbara 3N, Csabai Violetta 3N, Szak\u00e1cs \u00c1rp\u00e1d 2S, Magosi \u00c1ron 1S, Darazsac D\u00e1niel 3N, \u00c1gyas \u00c1d\u00e1m 3N<\/p>\n<p>K\u00eds\u00e9r\u0151 tan\u00e1r: Ber\u00e9nyi \u00c1kos<\/p>\n<p><a href=\"https:\/\/tg.edu.rs\/hun\/wp-content\/uploads\/2018\/08\/kamp-bez-granica-1.jpg\"><img loading=\"lazy\" class=\"aligncenter size-full wp-image-15808\" src=\"https:\/\/tg.edu.rs\/hun\/wp-content\/uploads\/2018\/08\/kamp-bez-granica-1.jpg\" alt=\"\" width=\"800\" height=\"616\" srcset=\"https:\/\/tg.edu.rs\/hun\/wp-content\/uploads\/2018\/08\/kamp-bez-granica-1.jpg 800w, https:\/\/tg.edu.rs\/hun\/wp-content\/uploads\/2018\/08\/kamp-bez-granica-1-480x370.jpg 480w, https:\/\/tg.edu.rs\/hun\/wp-content\/uploads\/2018\/08\/kamp-bez-granica-1-250x193.jpg 250w, https:\/\/tg.edu.rs\/hun\/wp-content\/uploads\/2018\/08\/kamp-bez-granica-1-640x493.jpg 640w, https:\/\/tg.edu.rs\/hun\/wp-content\/uploads\/2018\/08\/kamp-bez-granica-1-100x77.jpg 100w, https:\/\/tg.edu.rs\/hun\/wp-content\/uploads\/2018\/08\/kamp-bez-granica-1-150x116.jpg 150w, https:\/\/tg.edu.rs\/hun\/wp-content\/uploads\/2018\/08\/kamp-bez-granica-1-200x154.jpg 200w, https:\/\/tg.edu.rs\/hun\/wp-content\/uploads\/2018\/08\/kamp-bez-granica-1-300x231.jpg 300w, https:\/\/tg.edu.rs\/hun\/wp-content\/uploads\/2018\/08\/kamp-bez-granica-1-450x347.jpg 450w, https:\/\/tg.edu.rs\/hun\/wp-content\/uploads\/2018\/08\/kamp-bez-granica-1-600x462.jpg 600w\" sizes=\"(max-width: 800px) 100vw, 800px\" \/><\/a><\/p>\n","protected":false},"excerpt":{"rendered":"<p>A KDTG csapata is r\u00e9szt vett a kanizsai t\u00e1borban, ami a Tartom\u00e1nyi Oktat\u00e1s\u00fcgyi Titk\u00e1rs\u00e1g \u00e9s az Ana &amp; Bastian Ifj\u00fas\u00e1gi K\u00f6zpont szervez\u00e9s\u00e9ben val\u00f3sult meg. A t\u00e1borban a gyerekeket kevert csapatokba osztott\u00e1k m\u00e1s vajdas\u00e1gi k\u00f6z\u00e9piskol\u00e1k tanul\u00f3ival egy\u00fctt \u00e9s k\u00fcl\u00f6nf\u00e9le \u00fcgyess\u00e9gi j\u00e1t\u00e9kokon<span class=\"ellipsis\">&hellip;<\/span><\/p>\n<div class=\"read-more\"><a href=\"https:\/\/tg.edu.rs\/hun\/kamp-bez-granica\/\">Tov\u00e1bb \u203a<\/a><\/div>\n<p><!-- end of .read-more --><\/p>\n","protected":false},"author":1,"featured_media":15808,"comment_status":"closed","ping_status":"open","sticky":false,"template":"","format":"standard","meta":{"_mi_skip_tracking":false},"categories":[286,5],"tags":[320,361],"aioseo_notices":[],"_links":{"self":[{"href":"https:\/\/tg.edu.rs\/hun\/wp-json\/wp\/v2\/posts\/15807"}],"collection":[{"href":"https:\/\/tg.edu.rs\/hun\/wp-json\/wp\/v2\/posts"}],"about":[{"href":"https:\/\/tg.edu.rs\/hun\/wp-json\/wp\/v2\/types\/post"}],"author":[{"embeddable":true,"href":"https:\/\/tg.edu.rs\/hun\/wp-json\/wp\/v2\/users\/1"}],"replies":[{"embeddable":true,"href":"https:\/\/tg.edu.rs\/hun\/wp-json\/wp\/v2\/comments?post=15807"}],"version-history":[{"count":1,"href":"https:\/\/tg.edu.rs\/hun\/wp-json\/wp\/v2\/posts\/15807\/revisions"}],"predecessor-version":[{"id":15809,"href":"https:\/\/tg.edu.rs\/hun\/wp-json\/wp\/v2\/posts\/15807\/revisions\/15809"}],"wp:featuredmedia":[{"embeddable":true,"href":"https:\/\/tg.edu.rs\/hun\/wp-json\/wp\/v2\/media\/15808"}],"wp:attachment":[{"href":"https:\/\/tg.edu.rs\/hun\/wp-json\/wp\/v2\/media?parent=15807"}],"wp:term":[{"taxonomy":"category","embeddable":true,"href":"https:\/\/tg.edu.rs\/hun\/wp-json\/wp\/v2\/categories?post=15807"},{"taxonomy":"post_tag","embeddable":true,"href":"https:\/\/tg.edu.rs\/hun\/wp-json\/wp\/v2\/tags?post=15807"}],"curies":[{"name":"wp","href":"https:\/\/api.w.org\/{rel}","templated":true}]}}