{"id":15549,"date":"2018-05-06T13:19:38","date_gmt":"2018-05-06T11:19:38","guid":{"rendered":"http:\/\/tg.edu.rs\/hun\/?p=15549"},"modified":"2018-06-12T13:03:19","modified_gmt":"2018-06-12T11:03:19","slug":"kozepiskolasok-koztarsasagi-szintu-magyar-nyelvi-es-nyelvhelyessegi-versenye","status":"publish","type":"post","link":"https:\/\/tg.edu.rs\/hun\/kozepiskolasok-koztarsasagi-szintu-magyar-nyelvi-es-nyelvhelyessegi-versenye\/","title":{"rendered":"K\u00f6z\u00e9piskol\u00e1sok k\u00f6zt\u00e1rsas\u00e1gi szint\u0171 magyar nyelvi \u00e9s nyelvhelyess\u00e9gi versenye"},"content":{"rendered":"<p>A k\u00f6vetkez\u0151 eredm\u00e9nyek sz\u00fclettek:<\/p>\n<p class=\"western\" lang=\"en-US\">Els\u0151 oszt\u00e1lyosok:\u00a0<strong>1.<\/strong><strong>Szorcsik Ivett<\/strong>\u00a0(Bolyai Tehets\u00e9ggondoz\u00f3 Gimn\u00e1zium, Zenta),<strong>\u00a02. V\u00e9ber Amarilla<\/strong>\u00a0(Zentai Gimn\u00e1zium, Zenta),\u00a0<strong>3. Szab\u00f3 R\u00e9ka Dorottya<\/strong>\u00a0(Kosztol\u00e1nyi Dezs\u0151 Tehets\u00e9ggondoz\u00f3 Gimn\u00e1zium, Szabadka).<\/p>\n<p class=\"western\" lang=\"en-US\">M\u00e1sodik oszt\u00e1lyosok:\u00a0<strong>1. Par\u00f3czi Orsolya<\/strong>\u00a0(Bolyai Tehets\u00e9ggondoz\u00f3 Gimn\u00e1zium, Zenta),\u00a0<strong>2. R\u00e1cz Rich\u00e1rd<\/strong>\u00a0(Kosztol\u00e1nyi Dezs\u0151 Tehets\u00e9ggondoz\u00f3 Gimn\u00e1zium, Szabadka),\u00a0<strong>3. Ali Amina<\/strong>\u00a0(Bolyai Tehets\u00e9ggondoz\u00f3 Gimn\u00e1zium, Zenta).<\/p>\n<p class=\"western\" lang=\"en-US\">Harmadik oszt\u00e1lyosok:\u00a0<strong>1. Vojter Kitti\u00a0<\/strong>(Kosztol\u00e1nyi Dezs\u0151 Tehets\u00e9ggondoz\u00f3 Gimn\u00e1zium, Szabadka),\u00a0<strong>2. Lengyel Anna<\/strong>\u00a0(\u00d3becsei Gimn\u00e1zium, \u00d3becse),\u00a0<strong>3. Ambrus Andrea<\/strong>\u00a0(Bolyai Tehets\u00e9ggondoz\u00f3 Gimn\u00e1zium, Zenta).<\/p>\n<p class=\"western\" lang=\"en-US\">Negyedik oszt\u00e1lyosok:\u00a0<strong>1. Mak\u00e1n Albert<\/strong>\u00a0(Nagybecskereki Gimn\u00e1zium, Nagybecskerek),\u00a0<strong>2. Kov\u00e1cs Imola<\/strong>\u00a0(Nagybecskereki Gimn\u00e1zium, Nagybecskerek),\u00a0<strong>3. Solymosi Korn\u00e9l\u00a0<\/strong>(\u00d3becsei Gimn\u00e1zium, \u00d3becse).<\/p>\n<p><iframe loading=\"lazy\" src=\"https:\/\/www.youtube.com\/embed\/a9MToH2Ob68?rel=0&amp;showinfo=0\" width=\"560\" height=\"315\" frameborder=\"0\" allowfullscreen=\"allowfullscreen\"><\/iframe><\/p>\n<p><iframe loading=\"lazy\" src=\"https:\/\/www.youtube.com\/embed\/giDdxmSUONU?rel=0&amp;showinfo=0\" width=\"560\" height=\"315\" frameborder=\"0\" allowfullscreen=\"allowfullscreen\"><\/iframe><\/p>\n<p>Forr\u00e1s:<br \/>\n<a href=\"https:\/\/pannonrtv.com\/rovatok\/kultura\/nyelveben-el-nemzet\" target=\"_blank\" rel=\"noopener\">Pannon RTV<\/a><br \/>\n<a href=\"http:\/\/rtv.rs\/hu\/t%C3%A1rsadalom\/41-di%C3%A1k-m%C3%A9rte-%C3%B6ssze-tud%C3%A1s%C3%A1t-magyar-nyelvb%C5%91l_915770.html\" target=\"_blank\" rel=\"noopener\">VRTV<\/a><br \/>\n<a href=\"https:\/\/www.magyarszo.rs\/hu\/3671\/vajdasag_szabadka\/182817\/A-nyelvtan-%C3%A9s-nyelvhelyess%C3%A9g-legjobbjai.htm\" target=\"_blank\" rel=\"noopener\">Magyar Sz\u00f3<\/a><\/p>\n<p>T\u00e1mogat\u00f3k:<\/p>\n<p><a href=\"https:\/\/tg.edu.rs\/hun\/wp-content\/uploads\/2017\/05\/Bitk\u00e9p-Tamogatok.jpg\"><img loading=\"lazy\" class=\"aligncenter size-full wp-image-14617\" src=\"https:\/\/tg.edu.rs\/hun\/wp-content\/uploads\/2017\/05\/Bitk\u00e9p-Tamogatok.jpg\" alt=\"\" width=\"200\" height=\"240\" srcset=\"https:\/\/tg.edu.rs\/hun\/wp-content\/uploads\/2017\/05\/Bitk\u00e9p-Tamogatok.jpg 200w, https:\/\/tg.edu.rs\/hun\/wp-content\/uploads\/2017\/05\/Bitk\u00e9p-Tamogatok-100x120.jpg 100w, https:\/\/tg.edu.rs\/hun\/wp-content\/uploads\/2017\/05\/Bitk\u00e9p-Tamogatok-150x180.jpg 150w\" sizes=\"(max-width: 200px) 100vw, 200px\" \/><\/a><\/p>\n<p><a href=\"https:\/\/tg.edu.rs\/hun\/wp-content\/uploads\/2018\/05\/emmi_color_cmyk__6_.jpg\"><img loading=\"lazy\" class=\"aligncenter size-medium wp-image-15724\" src=\"https:\/\/tg.edu.rs\/hun\/wp-content\/uploads\/2018\/05\/emmi_color_cmyk__6_-480x328.jpg\" alt=\"\" width=\"480\" height=\"328\" srcset=\"https:\/\/tg.edu.rs\/hun\/wp-content\/uploads\/2018\/05\/emmi_color_cmyk__6_-480x328.jpg 480w, https:\/\/tg.edu.rs\/hun\/wp-content\/uploads\/2018\/05\/emmi_color_cmyk__6_-1024x699.jpg 1024w, https:\/\/tg.edu.rs\/hun\/wp-content\/uploads\/2018\/05\/emmi_color_cmyk__6_-250x171.jpg 250w, https:\/\/tg.edu.rs\/hun\/wp-content\/uploads\/2018\/05\/emmi_color_cmyk__6_-300x205.jpg 300w, https:\/\/tg.edu.rs\/hun\/wp-content\/uploads\/2018\/05\/emmi_color_cmyk__6_-100x68.jpg 100w, https:\/\/tg.edu.rs\/hun\/wp-content\/uploads\/2018\/05\/emmi_color_cmyk__6_-150x102.jpg 150w, https:\/\/tg.edu.rs\/hun\/wp-content\/uploads\/2018\/05\/emmi_color_cmyk__6_-200x137.jpg 200w, https:\/\/tg.edu.rs\/hun\/wp-content\/uploads\/2018\/05\/emmi_color_cmyk__6_-450x307.jpg 450w, https:\/\/tg.edu.rs\/hun\/wp-content\/uploads\/2018\/05\/emmi_color_cmyk__6_-600x410.jpg 600w, https:\/\/tg.edu.rs\/hun\/wp-content\/uploads\/2018\/05\/emmi_color_cmyk__6_-900x615.jpg 900w, https:\/\/tg.edu.rs\/hun\/wp-content\/uploads\/2018\/05\/emmi_color_cmyk__6_.jpg 1280w\" sizes=\"(max-width: 480px) 100vw, 480px\" \/><\/a><\/p>\n","protected":false},"excerpt":{"rendered":"<p>A k\u00f6vetkez\u0151 eredm\u00e9nyek sz\u00fclettek: Els\u0151 oszt\u00e1lyosok:\u00a01.Szorcsik Ivett\u00a0(Bolyai Tehets\u00e9ggondoz\u00f3 Gimn\u00e1zium, Zenta),\u00a02. V\u00e9ber Amarilla\u00a0(Zentai Gimn\u00e1zium, Zenta),\u00a03. Szab\u00f3 R\u00e9ka Dorottya\u00a0(Kosztol\u00e1nyi Dezs\u0151 Tehets\u00e9ggondoz\u00f3 Gimn\u00e1zium, Szabadka). M\u00e1sodik oszt\u00e1lyosok:\u00a01. Par\u00f3czi Orsolya\u00a0(Bolyai Tehets\u00e9ggondoz\u00f3 Gimn\u00e1zium, Zenta),\u00a02. R\u00e1cz Rich\u00e1rd\u00a0(Kosztol\u00e1nyi Dezs\u0151 Tehets\u00e9ggondoz\u00f3 Gimn\u00e1zium, Szabadka),\u00a03. Ali Amina\u00a0(Bolyai Tehets\u00e9ggondoz\u00f3 Gimn\u00e1zium, Zenta). Harmadik<span class=\"ellipsis\">&hellip;<\/span><\/p>\n<div class=\"read-more\"><a href=\"https:\/\/tg.edu.rs\/hun\/kozepiskolasok-koztarsasagi-szintu-magyar-nyelvi-es-nyelvhelyessegi-versenye\/\">Tov\u00e1bb \u203a<\/a><\/div>\n<p><!-- end of .read-more --><\/p>\n","protected":false},"author":1,"featured_media":15550,"comment_status":"closed","ping_status":"open","sticky":false,"template":"","format":"standard","meta":{"_mi_skip_tracking":false},"categories":[286,294,295,5,6,11],"tags":[320,56,66,275,96,77,78,79],"aioseo_notices":[],"_links":{"self":[{"href":"https:\/\/tg.edu.rs\/hun\/wp-json\/wp\/v2\/posts\/15549"}],"collection":[{"href":"https:\/\/tg.edu.rs\/hun\/wp-json\/wp\/v2\/posts"}],"about":[{"href":"https:\/\/tg.edu.rs\/hun\/wp-json\/wp\/v2\/types\/post"}],"author":[{"embeddable":true,"href":"https:\/\/tg.edu.rs\/hun\/wp-json\/wp\/v2\/users\/1"}],"replies":[{"embeddable":true,"href":"https:\/\/tg.edu.rs\/hun\/wp-json\/wp\/v2\/comments?post=15549"}],"version-history":[{"count":3,"href":"https:\/\/tg.edu.rs\/hun\/wp-json\/wp\/v2\/posts\/15549\/revisions"}],"predecessor-version":[{"id":15746,"href":"https:\/\/tg.edu.rs\/hun\/wp-json\/wp\/v2\/posts\/15549\/revisions\/15746"}],"wp:featuredmedia":[{"embeddable":true,"href":"https:\/\/tg.edu.rs\/hun\/wp-json\/wp\/v2\/media\/15550"}],"wp:attachment":[{"href":"https:\/\/tg.edu.rs\/hun\/wp-json\/wp\/v2\/media?parent=15549"}],"wp:term":[{"taxonomy":"category","embeddable":true,"href":"https:\/\/tg.edu.rs\/hun\/wp-json\/wp\/v2\/categories?post=15549"},{"taxonomy":"post_tag","embeddable":true,"href":"https:\/\/tg.edu.rs\/hun\/wp-json\/wp\/v2\/tags?post=15549"}],"curies":[{"name":"wp","href":"https:\/\/api.w.org\/{rel}","templated":true}]}}