{"id":15316,"date":"2018-04-14T13:16:30","date_gmt":"2018-04-14T11:16:30","guid":{"rendered":"http:\/\/tg.edu.rs\/hun\/?p=15316"},"modified":"2018-04-20T13:20:30","modified_gmt":"2018-04-20T11:20:30","slug":"koztarsasagi-verseny-nemet-nyelvbol","status":"publish","type":"post","link":"https:\/\/tg.edu.rs\/hun\/koztarsasagi-verseny-nemet-nyelvbol\/","title":{"rendered":"K\u00f6zt\u00e1rsas\u00e1gi verseny n\u00e9met nyelvb\u0151l"},"content":{"rendered":"<p>Oszl\u00e1nszki \u00c1ron, IV.N. oszt\u00e1lyos tanul\u00f3 harmadik helyez\u00e9st \u00e9rt el a k\u00f6rzeti n\u00e9met nyelvi versenyen, \u00e9s ezzel jogot szerzett a k\u00f6zt\u00e1rsas\u00e1gi versenyen val\u00f3 r\u00e9szv\u00e9telre. A megm\u00e9rettet\u00e9sre a valjev\u00f3i gimn\u00e1ziumban ker\u00fclt sor 2018. \u00e1prilis 14-\u00e9n.<\/p>\n<p><a href=\"https:\/\/tg.edu.rs\/hun\/wp-content\/uploads\/2018\/04\/Nemet_koztarsasagi_2018.jpg\"><img loading=\"lazy\" class=\"aligncenter size-full wp-image-15317\" src=\"https:\/\/tg.edu.rs\/hun\/wp-content\/uploads\/2018\/04\/Nemet_koztarsasagi_2018.jpg\" alt=\"\" width=\"789\" height=\"557\" srcset=\"https:\/\/tg.edu.rs\/hun\/wp-content\/uploads\/2018\/04\/Nemet_koztarsasagi_2018.jpg 789w, https:\/\/tg.edu.rs\/hun\/wp-content\/uploads\/2018\/04\/Nemet_koztarsasagi_2018-480x339.jpg 480w, https:\/\/tg.edu.rs\/hun\/wp-content\/uploads\/2018\/04\/Nemet_koztarsasagi_2018-250x176.jpg 250w, https:\/\/tg.edu.rs\/hun\/wp-content\/uploads\/2018\/04\/Nemet_koztarsasagi_2018-300x212.jpg 300w, https:\/\/tg.edu.rs\/hun\/wp-content\/uploads\/2018\/04\/Nemet_koztarsasagi_2018-100x71.jpg 100w, https:\/\/tg.edu.rs\/hun\/wp-content\/uploads\/2018\/04\/Nemet_koztarsasagi_2018-150x106.jpg 150w, https:\/\/tg.edu.rs\/hun\/wp-content\/uploads\/2018\/04\/Nemet_koztarsasagi_2018-200x141.jpg 200w, https:\/\/tg.edu.rs\/hun\/wp-content\/uploads\/2018\/04\/Nemet_koztarsasagi_2018-450x318.jpg 450w, https:\/\/tg.edu.rs\/hun\/wp-content\/uploads\/2018\/04\/Nemet_koztarsasagi_2018-600x424.jpg 600w\" sizes=\"(max-width: 789px) 100vw, 789px\" \/><\/a><\/p>\n","protected":false},"excerpt":{"rendered":"<p>Oszl\u00e1nszki \u00c1ron, IV.N. oszt\u00e1lyos tanul\u00f3 harmadik helyez\u00e9st \u00e9rt el a k\u00f6rzeti n\u00e9met nyelvi versenyen, \u00e9s ezzel jogot szerzett a k\u00f6zt\u00e1rsas\u00e1gi versenyen val\u00f3 r\u00e9szv\u00e9telre. A megm\u00e9rettet\u00e9sre a valjev\u00f3i gimn\u00e1ziumban ker\u00fclt sor 2018. \u00e1prilis 14-\u00e9n.<\/p>\n","protected":false},"author":1,"featured_media":15317,"comment_status":"closed","ping_status":"open","sticky":false,"template":"","format":"standard","meta":{"_mi_skip_tracking":false},"categories":[286,5],"tags":[320,50,56,66,221],"aioseo_notices":[],"_links":{"self":[{"href":"https:\/\/tg.edu.rs\/hun\/wp-json\/wp\/v2\/posts\/15316"}],"collection":[{"href":"https:\/\/tg.edu.rs\/hun\/wp-json\/wp\/v2\/posts"}],"about":[{"href":"https:\/\/tg.edu.rs\/hun\/wp-json\/wp\/v2\/types\/post"}],"author":[{"embeddable":true,"href":"https:\/\/tg.edu.rs\/hun\/wp-json\/wp\/v2\/users\/1"}],"replies":[{"embeddable":true,"href":"https:\/\/tg.edu.rs\/hun\/wp-json\/wp\/v2\/comments?post=15316"}],"version-history":[{"count":1,"href":"https:\/\/tg.edu.rs\/hun\/wp-json\/wp\/v2\/posts\/15316\/revisions"}],"predecessor-version":[{"id":15318,"href":"https:\/\/tg.edu.rs\/hun\/wp-json\/wp\/v2\/posts\/15316\/revisions\/15318"}],"wp:featuredmedia":[{"embeddable":true,"href":"https:\/\/tg.edu.rs\/hun\/wp-json\/wp\/v2\/media\/15317"}],"wp:attachment":[{"href":"https:\/\/tg.edu.rs\/hun\/wp-json\/wp\/v2\/media?parent=15316"}],"wp:term":[{"taxonomy":"category","embeddable":true,"href":"https:\/\/tg.edu.rs\/hun\/wp-json\/wp\/v2\/categories?post=15316"},{"taxonomy":"post_tag","embeddable":true,"href":"https:\/\/tg.edu.rs\/hun\/wp-json\/wp\/v2\/tags?post=15316"}],"curies":[{"name":"wp","href":"https:\/\/api.w.org\/{rel}","templated":true}]}}