{"id":14924,"date":"2017-11-16T09:18:20","date_gmt":"2017-11-16T08:18:20","guid":{"rendered":"http:\/\/tg.edu.rs\/hun\/?p=14924"},"modified":"2017-11-16T09:24:59","modified_gmt":"2017-11-16T08:24:59","slug":"nyitott-orak-2017","status":"publish","type":"post","link":"https:\/\/tg.edu.rs\/hun\/nyitott-orak-2017\/","title":{"rendered":"Nyitott \u00f3r\u00e1k"},"content":{"rendered":"<p><strong>2017. november 23-\u00e1n, cs\u00fct\u00f6rt\u00f6k\u00f6n BEMUTAT\u00d3 \u00d3R\u00c1KAT tartunk<\/strong>, melyekre szeretettel v\u00e1rjuk az \u00e9rdekl\u0151d\u0151 7. \u00e9s 8. oszt\u00e1lyos tanul\u00f3kat, a nyelvi \u00e9s az \u00e1ltal\u00e1nos tagozatra jelentkez\u0151ket egyar\u00e1nt. Az \u00f3r\u00e1k p\u00e1rhuzamosan zajlanak. Az \u00e9rkez\u0151 di\u00e1kokat csoportokba osztjuk.<\/p>\n<p>PROGRAM<\/p>\n<table>\n<tbody>\n<tr>\n<td width=\"109\"><em>id\u0151pont<\/em><\/td>\n<td width=\"150\"><em>tant\u00e1rgy<\/em><\/td>\n<td width=\"168\"><em>tan\u00e1r neve<\/em><\/td>\n<\/tr>\n<tr>\n<td width=\"109\">10,45<\/td>\n<td width=\"150\">\u00e9rkez\u00e9s \u00e9s regisztr\u00e1ci\u00f3 (csoportokra oszt\u00e1s)<\/td>\n<td width=\"168\">T\u00f3th \u00c1gota<\/td>\n<\/tr>\n<tr>\n<td width=\"109\">11,00-11,45<\/td>\n<td width=\"150\">T\u00f6rt\u00e9nelem<\/p>\n<p>Angol nyelv<\/p>\n<p>F\u00f6ldrajz<\/td>\n<td width=\"168\">Nagy Tibor<\/p>\n<p>Luk\u00e1cs Tibor<\/p>\n<p>Burna\u0107 Gordana<\/td>\n<\/tr>\n<\/tbody>\n<\/table>\n<p><span style=\"text-decoration: underline;\">A hozz\u00e1nk ell\u00e1togat\u00f3 di\u00e1koknak hivatalos igazol\u00e1st adunk azokra az \u00f3r\u00e1kra, amelyeken r\u00e9szt vesznek.<\/span><br \/>\nK\u00e9rj\u00fck, \u00e9rtes\u00edts\u00e9k az \u00e9rdekl\u0151d\u0151ket, akik jelezzenek vissza a Gimn\u00e1zium Facebook-oldal\u00e1n!<\/p>\n<p><a href=\"https:\/\/tg.edu.rs\/hun\/wp-content\/uploads\/2017\/11\/Parkolas-2017.jpg\"><img loading=\"lazy\" class=\"aligncenter size-full wp-image-14931\" src=\"https:\/\/tg.edu.rs\/hun\/wp-content\/uploads\/2017\/11\/Parkolas-2017.jpg\" alt=\"\" width=\"983\" height=\"712\" srcset=\"https:\/\/tg.edu.rs\/hun\/wp-content\/uploads\/2017\/11\/Parkolas-2017.jpg 983w, https:\/\/tg.edu.rs\/hun\/wp-content\/uploads\/2017\/11\/Parkolas-2017-480x348.jpg 480w, https:\/\/tg.edu.rs\/hun\/wp-content\/uploads\/2017\/11\/Parkolas-2017-250x181.jpg 250w, https:\/\/tg.edu.rs\/hun\/wp-content\/uploads\/2017\/11\/Parkolas-2017-300x217.jpg 300w, https:\/\/tg.edu.rs\/hun\/wp-content\/uploads\/2017\/11\/Parkolas-2017-100x72.jpg 100w, https:\/\/tg.edu.rs\/hun\/wp-content\/uploads\/2017\/11\/Parkolas-2017-150x109.jpg 150w, https:\/\/tg.edu.rs\/hun\/wp-content\/uploads\/2017\/11\/Parkolas-2017-200x145.jpg 200w, https:\/\/tg.edu.rs\/hun\/wp-content\/uploads\/2017\/11\/Parkolas-2017-450x326.jpg 450w, https:\/\/tg.edu.rs\/hun\/wp-content\/uploads\/2017\/11\/Parkolas-2017-600x435.jpg 600w, https:\/\/tg.edu.rs\/hun\/wp-content\/uploads\/2017\/11\/Parkolas-2017-900x652.jpg 900w\" sizes=\"(max-width: 983px) 100vw, 983px\" \/><\/a><\/p>\n","protected":false},"excerpt":{"rendered":"<p>2017. november 23-\u00e1n, cs\u00fct\u00f6rt\u00f6k\u00f6n BEMUTAT\u00d3 \u00d3R\u00c1KAT tartunk, melyekre szeretettel v\u00e1rjuk az \u00e9rdekl\u0151d\u0151 7. \u00e9s 8. oszt\u00e1lyos tanul\u00f3kat, a nyelvi \u00e9s az \u00e1ltal\u00e1nos tagozatra jelentkez\u0151ket egyar\u00e1nt. Az \u00f3r\u00e1k p\u00e1rhuzamosan zajlanak. Az \u00e9rkez\u0151 di\u00e1kokat csoportokba osztjuk. PROGRAM id\u0151pont tant\u00e1rgy tan\u00e1r neve 10,45<span class=\"ellipsis\">&hellip;<\/span><\/p>\n<div class=\"read-more\"><a href=\"https:\/\/tg.edu.rs\/hun\/nyitott-orak-2017\/\">Tov\u00e1bb \u203a<\/a><\/div>\n<p><!-- end of .read-more --><\/p>\n","protected":false},"author":1,"featured_media":14925,"comment_status":"open","ping_status":"open","sticky":false,"template":"","format":"standard","meta":{"_mi_skip_tracking":false},"categories":[286,5],"tags":[233,56,248],"aioseo_notices":[],"_links":{"self":[{"href":"https:\/\/tg.edu.rs\/hun\/wp-json\/wp\/v2\/posts\/14924"}],"collection":[{"href":"https:\/\/tg.edu.rs\/hun\/wp-json\/wp\/v2\/posts"}],"about":[{"href":"https:\/\/tg.edu.rs\/hun\/wp-json\/wp\/v2\/types\/post"}],"author":[{"embeddable":true,"href":"https:\/\/tg.edu.rs\/hun\/wp-json\/wp\/v2\/users\/1"}],"replies":[{"embeddable":true,"href":"https:\/\/tg.edu.rs\/hun\/wp-json\/wp\/v2\/comments?post=14924"}],"version-history":[{"count":5,"href":"https:\/\/tg.edu.rs\/hun\/wp-json\/wp\/v2\/posts\/14924\/revisions"}],"predecessor-version":[{"id":14932,"href":"https:\/\/tg.edu.rs\/hun\/wp-json\/wp\/v2\/posts\/14924\/revisions\/14932"}],"wp:featuredmedia":[{"embeddable":true,"href":"https:\/\/tg.edu.rs\/hun\/wp-json\/wp\/v2\/media\/14925"}],"wp:attachment":[{"href":"https:\/\/tg.edu.rs\/hun\/wp-json\/wp\/v2\/media?parent=14924"}],"wp:term":[{"taxonomy":"category","embeddable":true,"href":"https:\/\/tg.edu.rs\/hun\/wp-json\/wp\/v2\/categories?post=14924"},{"taxonomy":"post_tag","embeddable":true,"href":"https:\/\/tg.edu.rs\/hun\/wp-json\/wp\/v2\/tags?post=14924"}],"curies":[{"name":"wp","href":"https:\/\/api.w.org\/{rel}","templated":true}]}}