{"id":14667,"date":"2017-09-27T11:03:28","date_gmt":"2017-09-27T09:03:28","guid":{"rendered":"http:\/\/tg.edu.rs\/hun\/?p=14667"},"modified":"2017-10-03T11:23:35","modified_gmt":"2017-10-03T09:23:35","slug":"bognar-nora-a-macedoniaban-megtartott-versenyen-ezustermes-lett","status":"publish","type":"post","link":"https:\/\/tg.edu.rs\/hun\/bognar-nora-a-macedoniaban-megtartott-versenyen-ezustermes-lett\/","title":{"rendered":"Bogn\u00e1r N\u00f3ra a Maced\u00f3ni\u00e1ban megtartott versenyen ez\u00fcst\u00e9rmes lett"},"content":{"rendered":"<p>Bogn\u00e1r N\u00f3ra a Maced\u00f3ni\u00e1ban megtartott nemzetk\u00f6zi versenyen ez\u00fcst\u00e9rmes lett. Az I. N tanul\u00f3ja egy 25 m\u00e9ter magas falat m\u00e1szott meg. Gratul\u00e1lunk!<\/p>\n\n\t\t<style type=\"text\/css\">\n\t\t\t#gallery-1 {\n\t\t\t\tmargin: auto;\n\t\t\t}\n\t\t\t#gallery-1 .gallery-item {\n\t\t\t\tfloat: left;\n\t\t\t\tmargin-top: 10px;\n\t\t\t\ttext-align: center;\n\t\t\t\twidth: 33%;\n\t\t\t}\n\t\t\t#gallery-1 img {\n\t\t\t\tborder: 2px solid #cfcfcf;\n\t\t\t}\n\t\t\t#gallery-1 .gallery-caption {\n\t\t\t\tmargin-left: 0;\n\t\t\t}\n\t\t\t\/* see gallery_shortcode() in wp-includes\/media.php *\/\n\t\t<\/style>\n\t\t<div id='gallery-1' class='gallery galleryid-14667 gallery-columns-3 gallery-size-responsive-200'><dl class='gallery-item'>\n\t\t\t<dt class='gallery-icon landscape'>\n\t\t\t\t<a href='https:\/\/tg.edu.rs\/hun\/wp-content\/uploads\/2017\/10\/Bognar-Nora3.jpg'><img width=\"200\" height=\"133\" src=\"https:\/\/tg.edu.rs\/hun\/wp-content\/uploads\/2017\/10\/Bognar-Nora3-200x133.jpg\" class=\"attachment-responsive-200 size-responsive-200\" alt=\"\" loading=\"lazy\" srcset=\"https:\/\/tg.edu.rs\/hun\/wp-content\/uploads\/2017\/10\/Bognar-Nora3-200x133.jpg 200w, https:\/\/tg.edu.rs\/hun\/wp-content\/uploads\/2017\/10\/Bognar-Nora3-480x320.jpg 480w, https:\/\/tg.edu.rs\/hun\/wp-content\/uploads\/2017\/10\/Bognar-Nora3-250x167.jpg 250w, https:\/\/tg.edu.rs\/hun\/wp-content\/uploads\/2017\/10\/Bognar-Nora3-300x200.jpg 300w, https:\/\/tg.edu.rs\/hun\/wp-content\/uploads\/2017\/10\/Bognar-Nora3-100x67.jpg 100w, https:\/\/tg.edu.rs\/hun\/wp-content\/uploads\/2017\/10\/Bognar-Nora3-150x100.jpg 150w, https:\/\/tg.edu.rs\/hun\/wp-content\/uploads\/2017\/10\/Bognar-Nora3-450x300.jpg 450w, https:\/\/tg.edu.rs\/hun\/wp-content\/uploads\/2017\/10\/Bognar-Nora3-600x400.jpg 600w, https:\/\/tg.edu.rs\/hun\/wp-content\/uploads\/2017\/10\/Bognar-Nora3.jpg 645w\" sizes=\"(max-width: 200px) 100vw, 200px\" \/><\/a>\n\t\t\t<\/dt><\/dl><dl class='gallery-item'>\n\t\t\t<dt class='gallery-icon landscape'>\n\t\t\t\t<a href='https:\/\/tg.edu.rs\/hun\/wp-content\/uploads\/2017\/10\/Bognar-Nora2.jpg'><img width=\"200\" height=\"133\" src=\"https:\/\/tg.edu.rs\/hun\/wp-content\/uploads\/2017\/10\/Bognar-Nora2-200x133.jpg\" class=\"attachment-responsive-200 size-responsive-200\" alt=\"\" loading=\"lazy\" srcset=\"https:\/\/tg.edu.rs\/hun\/wp-content\/uploads\/2017\/10\/Bognar-Nora2-200x133.jpg 200w, https:\/\/tg.edu.rs\/hun\/wp-content\/uploads\/2017\/10\/Bognar-Nora2-480x320.jpg 480w, https:\/\/tg.edu.rs\/hun\/wp-content\/uploads\/2017\/10\/Bognar-Nora2-250x167.jpg 250w, https:\/\/tg.edu.rs\/hun\/wp-content\/uploads\/2017\/10\/Bognar-Nora2-300x200.jpg 300w, https:\/\/tg.edu.rs\/hun\/wp-content\/uploads\/2017\/10\/Bognar-Nora2-100x67.jpg 100w, https:\/\/tg.edu.rs\/hun\/wp-content\/uploads\/2017\/10\/Bognar-Nora2-150x100.jpg 150w, https:\/\/tg.edu.rs\/hun\/wp-content\/uploads\/2017\/10\/Bognar-Nora2-450x300.jpg 450w, https:\/\/tg.edu.rs\/hun\/wp-content\/uploads\/2017\/10\/Bognar-Nora2-600x400.jpg 600w, https:\/\/tg.edu.rs\/hun\/wp-content\/uploads\/2017\/10\/Bognar-Nora2.jpg 645w\" sizes=\"(max-width: 200px) 100vw, 200px\" \/><\/a>\n\t\t\t<\/dt><\/dl><dl class='gallery-item'>\n\t\t\t<dt class='gallery-icon landscape'>\n\t\t\t\t<a href='https:\/\/tg.edu.rs\/hun\/wp-content\/uploads\/2017\/10\/Bognar-Nora1.jpg'><img width=\"200\" height=\"133\" src=\"https:\/\/tg.edu.rs\/hun\/wp-content\/uploads\/2017\/10\/Bognar-Nora1-200x133.jpg\" class=\"attachment-responsive-200 size-responsive-200\" alt=\"\" loading=\"lazy\" srcset=\"https:\/\/tg.edu.rs\/hun\/wp-content\/uploads\/2017\/10\/Bognar-Nora1-200x133.jpg 200w, https:\/\/tg.edu.rs\/hun\/wp-content\/uploads\/2017\/10\/Bognar-Nora1-480x320.jpg 480w, https:\/\/tg.edu.rs\/hun\/wp-content\/uploads\/2017\/10\/Bognar-Nora1-250x167.jpg 250w, https:\/\/tg.edu.rs\/hun\/wp-content\/uploads\/2017\/10\/Bognar-Nora1-300x200.jpg 300w, https:\/\/tg.edu.rs\/hun\/wp-content\/uploads\/2017\/10\/Bognar-Nora1-100x67.jpg 100w, https:\/\/tg.edu.rs\/hun\/wp-content\/uploads\/2017\/10\/Bognar-Nora1-150x100.jpg 150w, https:\/\/tg.edu.rs\/hun\/wp-content\/uploads\/2017\/10\/Bognar-Nora1-450x300.jpg 450w, https:\/\/tg.edu.rs\/hun\/wp-content\/uploads\/2017\/10\/Bognar-Nora1-600x400.jpg 600w, https:\/\/tg.edu.rs\/hun\/wp-content\/uploads\/2017\/10\/Bognar-Nora1.jpg 645w\" sizes=\"(max-width: 200px) 100vw, 200px\" \/><\/a>\n\t\t\t<\/dt><\/dl><br style=\"clear: both\" \/>\n\t\t<\/div>\n\n<p><a href=\"https:\/\/www.subotica.info\/2017\/09\/25\/srebrna-medalja-nore-bognar-na-balkanskom-prvenstvu\" target=\"_blank\" rel=\"noopener\">A k\u00e9pek forr\u00e1sa<\/a><\/p>\n<p>B\u0151vebben itt olvashattok a versenyr\u0151l:<\/p>\n<p><a href=\"http:\/\/pannonrtv.com\/rovatok\/sport\/ezusteremmel-tert-haza-szkopjebol-bognar-nora-hegymaszo\" target=\"_blank\" rel=\"noopener\">Pannon RTV<\/a><br \/>\n<a href=\"https:\/\/www.subotica.info\/2017\/09\/25\/srebrna-medalja-nore-bognar-na-balkanskom-prvenstvu\" target=\"_blank\" rel=\"noopener\">Subotica.info<\/a><br \/>\n<a href=\"https:\/\/www.subotica.com\/vesti\/sportsko-penjanje-nora-bognar-srebrna-na-balkanskom-prvenstvu-u-skoplju-id30013.html\" target=\"_blank\" rel=\"noopener\">Subotica.com<\/a><\/p>\n<p><iframe loading=\"lazy\" src=\"https:\/\/www.youtube.com\/embed\/HrHlT122WDk?rel=0&amp;showinfo=0\" width=\"560\" height=\"315\" frameborder=\"0\" allowfullscreen=\"allowfullscreen\"><\/iframe><\/p>\n","protected":false},"excerpt":{"rendered":"<p>Bogn\u00e1r N\u00f3ra a Maced\u00f3ni\u00e1ban megtartott nemzetk\u00f6zi versenyen ez\u00fcst\u00e9rmes lett. Az I. N tanul\u00f3ja egy 25 m\u00e9ter magas falat m\u00e1szott meg. Gratul\u00e1lunk! A k\u00e9pek forr\u00e1sa B\u0151vebben itt olvashattok a versenyr\u0151l: Pannon RTV Subotica.info Subotica.com<\/p>\n","protected":false},"author":1,"featured_media":14668,"comment_status":"open","ping_status":"open","sticky":false,"template":"","format":"standard","meta":{"_mi_skip_tracking":false},"categories":[286,294,295,5,6,11],"tags":[233,296,50,56,123,77,78,79],"aioseo_notices":[],"_links":{"self":[{"href":"https:\/\/tg.edu.rs\/hun\/wp-json\/wp\/v2\/posts\/14667"}],"collection":[{"href":"https:\/\/tg.edu.rs\/hun\/wp-json\/wp\/v2\/posts"}],"about":[{"href":"https:\/\/tg.edu.rs\/hun\/wp-json\/wp\/v2\/types\/post"}],"author":[{"embeddable":true,"href":"https:\/\/tg.edu.rs\/hun\/wp-json\/wp\/v2\/users\/1"}],"replies":[{"embeddable":true,"href":"https:\/\/tg.edu.rs\/hun\/wp-json\/wp\/v2\/comments?post=14667"}],"version-history":[{"count":3,"href":"https:\/\/tg.edu.rs\/hun\/wp-json\/wp\/v2\/posts\/14667\/revisions"}],"predecessor-version":[{"id":14673,"href":"https:\/\/tg.edu.rs\/hun\/wp-json\/wp\/v2\/posts\/14667\/revisions\/14673"}],"wp:featuredmedia":[{"embeddable":true,"href":"https:\/\/tg.edu.rs\/hun\/wp-json\/wp\/v2\/media\/14668"}],"wp:attachment":[{"href":"https:\/\/tg.edu.rs\/hun\/wp-json\/wp\/v2\/media?parent=14667"}],"wp:term":[{"taxonomy":"category","embeddable":true,"href":"https:\/\/tg.edu.rs\/hun\/wp-json\/wp\/v2\/categories?post=14667"},{"taxonomy":"post_tag","embeddable":true,"href":"https:\/\/tg.edu.rs\/hun\/wp-json\/wp\/v2\/tags?post=14667"}],"curies":[{"name":"wp","href":"https:\/\/api.w.org\/{rel}","templated":true}]}}