{"id":14597,"date":"2017-06-19T16:04:32","date_gmt":"2017-06-19T14:04:32","guid":{"rendered":"http:\/\/tg.edu.rs\/hun\/?p=14597"},"modified":"2017-06-19T16:04:32","modified_gmt":"2017-06-19T14:04:32","slug":"halasz-dora-es-egri-sara-a-kovetkezo-tanevet-az-amerikai-egyesult-allamokban-tolti","status":"publish","type":"post","link":"https:\/\/tg.edu.rs\/hun\/halasz-dora-es-egri-sara-a-kovetkezo-tanevet-az-amerikai-egyesult-allamokban-tolti\/","title":{"rendered":"Hal\u00e1sz D\u00f3ra \u00e9s Egri S\u00e1ra a k\u00f6vetkez\u0151 tan\u00e9vet az Amerikai Egyes\u00fclt \u00c1llamokban t\u00f6lti"},"content":{"rendered":"<p>A Gimn\u00e1zium els\u0151s \u00e9s m\u00e1sodikos tanul\u00f3i ism\u00e9t r\u00e9szt vettek az USA-beli <strong>Future Leaders Exchange Programe cseredi\u00e1k programban<\/strong> (a volt A-Smyle) \u00e9s \u00f6r\u00f6mmel jelentj\u00fck, hogy id\u00e9n is k\u00e9t tanul\u00f3nk a t\u00f6bbfordul\u00f3s megm\u00e9rettet\u00e9s ut\u00e1n felv\u00e9telt nyert a FLEX programba. A 2a k\u00e9t tanul\u00f3ja, <strong>Hal\u00e1sz D\u00f3ra<\/strong> \u00e9s <strong>Egri S\u00e1ra<\/strong> a k\u00f6vetkez\u0151 tan\u00e9vet az Amerikai Egyes\u00fclt \u00c1llamokban t\u00f6lti. Gratul\u00e1lunk, sok sikert \u00e9s \u00faj \u00e9lm\u00e9nyeket k\u00edv\u00e1nunk nektek.<\/p>\n<p><a href=\"https:\/\/tg.edu.rs\/hun\/wp-content\/uploads\/2017\/06\/FLEX.jpg\"><img loading=\"lazy\" class=\"aligncenter size-full wp-image-14598\" src=\"https:\/\/tg.edu.rs\/hun\/wp-content\/uploads\/2017\/06\/FLEX.jpg\" alt=\"\" width=\"702\" height=\"336\" srcset=\"https:\/\/tg.edu.rs\/hun\/wp-content\/uploads\/2017\/06\/FLEX.jpg 702w, https:\/\/tg.edu.rs\/hun\/wp-content\/uploads\/2017\/06\/FLEX-480x230.jpg 480w, https:\/\/tg.edu.rs\/hun\/wp-content\/uploads\/2017\/06\/FLEX-250x120.jpg 250w, https:\/\/tg.edu.rs\/hun\/wp-content\/uploads\/2017\/06\/FLEX-300x144.jpg 300w, https:\/\/tg.edu.rs\/hun\/wp-content\/uploads\/2017\/06\/FLEX-100x48.jpg 100w, https:\/\/tg.edu.rs\/hun\/wp-content\/uploads\/2017\/06\/FLEX-150x72.jpg 150w, https:\/\/tg.edu.rs\/hun\/wp-content\/uploads\/2017\/06\/FLEX-200x96.jpg 200w, https:\/\/tg.edu.rs\/hun\/wp-content\/uploads\/2017\/06\/FLEX-450x215.jpg 450w, https:\/\/tg.edu.rs\/hun\/wp-content\/uploads\/2017\/06\/FLEX-600x287.jpg 600w\" sizes=\"(max-width: 702px) 100vw, 702px\" \/><\/a><\/p>\n<p>&nbsp;<\/p>\n","protected":false},"excerpt":{"rendered":"<p>A Gimn\u00e1zium els\u0151s \u00e9s m\u00e1sodikos tanul\u00f3i ism\u00e9t r\u00e9szt vettek az USA-beli Future Leaders Exchange Programe cseredi\u00e1k programban (a volt A-Smyle) \u00e9s \u00f6r\u00f6mmel jelentj\u00fck, hogy id\u00e9n is k\u00e9t tanul\u00f3nk a t\u00f6bbfordul\u00f3s megm\u00e9rettet\u00e9s ut\u00e1n felv\u00e9telt nyert a FLEX programba. A 2a k\u00e9t<span class=\"ellipsis\">&hellip;<\/span><\/p>\n<div class=\"read-more\"><a href=\"https:\/\/tg.edu.rs\/hun\/halasz-dora-es-egri-sara-a-kovetkezo-tanevet-az-amerikai-egyesult-allamokban-tolti\/\">Tov\u00e1bb \u203a<\/a><\/div>\n<p><!-- end of .read-more --><\/p>\n","protected":false},"author":1,"featured_media":14598,"comment_status":"open","ping_status":"open","sticky":false,"template":"","format":"standard","meta":{"_mi_skip_tracking":false},"categories":[206,5],"tags":[238,285,282,283,284],"aioseo_notices":[],"_links":{"self":[{"href":"https:\/\/tg.edu.rs\/hun\/wp-json\/wp\/v2\/posts\/14597"}],"collection":[{"href":"https:\/\/tg.edu.rs\/hun\/wp-json\/wp\/v2\/posts"}],"about":[{"href":"https:\/\/tg.edu.rs\/hun\/wp-json\/wp\/v2\/types\/post"}],"author":[{"embeddable":true,"href":"https:\/\/tg.edu.rs\/hun\/wp-json\/wp\/v2\/users\/1"}],"replies":[{"embeddable":true,"href":"https:\/\/tg.edu.rs\/hun\/wp-json\/wp\/v2\/comments?post=14597"}],"version-history":[{"count":1,"href":"https:\/\/tg.edu.rs\/hun\/wp-json\/wp\/v2\/posts\/14597\/revisions"}],"predecessor-version":[{"id":14599,"href":"https:\/\/tg.edu.rs\/hun\/wp-json\/wp\/v2\/posts\/14597\/revisions\/14599"}],"wp:featuredmedia":[{"embeddable":true,"href":"https:\/\/tg.edu.rs\/hun\/wp-json\/wp\/v2\/media\/14598"}],"wp:attachment":[{"href":"https:\/\/tg.edu.rs\/hun\/wp-json\/wp\/v2\/media?parent=14597"}],"wp:term":[{"taxonomy":"category","embeddable":true,"href":"https:\/\/tg.edu.rs\/hun\/wp-json\/wp\/v2\/categories?post=14597"},{"taxonomy":"post_tag","embeddable":true,"href":"https:\/\/tg.edu.rs\/hun\/wp-json\/wp\/v2\/tags?post=14597"}],"curies":[{"name":"wp","href":"https:\/\/api.w.org\/{rel}","templated":true}]}}