{"id":14563,"date":"2017-06-16T17:45:09","date_gmt":"2017-06-16T15:45:09","guid":{"rendered":"http:\/\/tg.edu.rs\/hun\/?p=14563"},"modified":"2017-07-19T16:22:08","modified_gmt":"2017-07-19T14:22:08","slug":"a-kivansaglistak-kitoltese","status":"publish","type":"post","link":"https:\/\/tg.edu.rs\/hun\/a-kivansaglistak-kitoltese\/","title":{"rendered":"A K\u00cdV\u00c1NS\u00c1GLIST\u00c1K KIT\u00d6LT\u00c9SE \u00c9S IRATKOZ\u00c1S"},"content":{"rendered":"<p>A k\u00edv\u00e1ns\u00e1glist\u00e1kat az \u00e1ltal\u00e1nos iskol\u00e1ban t\u00f6ltik ki a tanul\u00f3k \u00e9s sz\u00fcleik j\u00fanius 24-\u00e9n, illetve 25-\u00e9n.<br \/>\nAzok a di\u00e1kok, akiknek siker\u00fclt az angol nyelv\u0171 felv\u00e9teli, els\u0151 helyre az angol nyelvet \u00edrj\u00e1k, m\u00e1sodikra pedig a n\u00e9metet.<br \/>\nAkik n\u00e9met szakra felv\u00e9teliztek sikeresen, a n\u00e9met nyelvet \u00edrj\u00e1k els\u0151 helyre.<br \/>\nAkik \u00e1ltal\u00e1nos tagozatra szeretn\u00e9nek bejutni, az \u00e1ltal\u00e1nos tagozatot \u00edrj\u00e1k els\u0151 helyre.<\/p>\n<p><a href=\"https:\/\/tg.edu.rs\/hun\/wp-content\/uploads\/2017\/06\/sifra.jpg\"><img loading=\"lazy\" class=\"aligncenter size-full wp-image-14564\" src=\"https:\/\/tg.edu.rs\/hun\/wp-content\/uploads\/2017\/06\/sifra.jpg\" alt=\"\" width=\"784\" height=\"282\" srcset=\"https:\/\/tg.edu.rs\/hun\/wp-content\/uploads\/2017\/06\/sifra.jpg 784w, https:\/\/tg.edu.rs\/hun\/wp-content\/uploads\/2017\/06\/sifra-480x173.jpg 480w, https:\/\/tg.edu.rs\/hun\/wp-content\/uploads\/2017\/06\/sifra-250x90.jpg 250w, https:\/\/tg.edu.rs\/hun\/wp-content\/uploads\/2017\/06\/sifra-300x108.jpg 300w, https:\/\/tg.edu.rs\/hun\/wp-content\/uploads\/2017\/06\/sifra-100x36.jpg 100w, https:\/\/tg.edu.rs\/hun\/wp-content\/uploads\/2017\/06\/sifra-150x54.jpg 150w, https:\/\/tg.edu.rs\/hun\/wp-content\/uploads\/2017\/06\/sifra-200x72.jpg 200w, https:\/\/tg.edu.rs\/hun\/wp-content\/uploads\/2017\/06\/sifra-450x162.jpg 450w, https:\/\/tg.edu.rs\/hun\/wp-content\/uploads\/2017\/06\/sifra-600x216.jpg 600w\" sizes=\"(max-width: 784px) 100vw, 784px\" \/><\/a><\/p>\n<p><span style=\"text-decoration: underline;\"><strong>Az iratkoz\u00e1s j\u00falius 4-\u00e9n \u00e9s 5-\u00e9n lesz (9.00-14.00).<\/strong><\/span> Hozz\u00e1tok magatokkal a f\u00e9nym\u00e1solt \u00e9s az iskol\u00e1ban hiteles\u00edtett nyolcadikos bizony\u00edtv\u00e1nyt is, valamint a bizonylatot az \u00e1ltal\u00e1nos iskolai oktat\u00e1sban \u00e9s nevel\u00e9sben letett z\u00e1r\u00f3vizsg\u00e1r\u00f3l, illetve a bizony\u00edtv\u00e1nyt az \u00e1ltal\u00e1nos iskolai oktat\u00e1s \u00e9s nevel\u00e9s befejez\u00e9s\u00e9r\u0151l (k\u00e9t k\u00e9k pap\u00edr f\u00e9nym\u00e1solata az \u00e1ltal\u00e1nos iskola titk\u00e1rs\u00e1ga \u00e1ltal lepecs\u00e9telve, al\u00e1\u00edrva)<\/p>\n<p>A k\u00f3dok megtal\u00e1lhat\u00f3k <a href=\"http:\/\/www.upis.mpn.gov.rs\/Cir\/Srednje-skole-pretraga\/040185850000000000\" target=\"_blank\" rel=\"noopener\">a Miniszt\u00e9rium hivatalos honlapj\u00e1n.<\/a><\/p>\n","protected":false},"excerpt":{"rendered":"<p>A k\u00edv\u00e1ns\u00e1glist\u00e1kat az \u00e1ltal\u00e1nos iskol\u00e1ban t\u00f6ltik ki a tanul\u00f3k \u00e9s sz\u00fcleik j\u00fanius 24-\u00e9n, illetve 25-\u00e9n. Azok a di\u00e1kok, akiknek siker\u00fclt az angol nyelv\u0171 felv\u00e9teli, els\u0151 helyre az angol nyelvet \u00edrj\u00e1k, m\u00e1sodikra pedig a n\u00e9metet. Akik n\u00e9met szakra felv\u00e9teliztek sikeresen, a<span class=\"ellipsis\">&hellip;<\/span><\/p>\n<div class=\"read-more\"><a href=\"https:\/\/tg.edu.rs\/hun\/a-kivansaglistak-kitoltese\/\">Tov\u00e1bb \u203a<\/a><\/div>\n<p><!-- end of .read-more --><\/p>\n","protected":false},"author":1,"featured_media":14564,"comment_status":"open","ping_status":"open","sticky":false,"template":"","format":"standard","meta":{"_mi_skip_tracking":false},"categories":[206,5],"tags":[233,42,204,73],"aioseo_notices":[],"_links":{"self":[{"href":"https:\/\/tg.edu.rs\/hun\/wp-json\/wp\/v2\/posts\/14563"}],"collection":[{"href":"https:\/\/tg.edu.rs\/hun\/wp-json\/wp\/v2\/posts"}],"about":[{"href":"https:\/\/tg.edu.rs\/hun\/wp-json\/wp\/v2\/types\/post"}],"author":[{"embeddable":true,"href":"https:\/\/tg.edu.rs\/hun\/wp-json\/wp\/v2\/users\/1"}],"replies":[{"embeddable":true,"href":"https:\/\/tg.edu.rs\/hun\/wp-json\/wp\/v2\/comments?post=14563"}],"version-history":[{"count":4,"href":"https:\/\/tg.edu.rs\/hun\/wp-json\/wp\/v2\/posts\/14563\/revisions"}],"predecessor-version":[{"id":14623,"href":"https:\/\/tg.edu.rs\/hun\/wp-json\/wp\/v2\/posts\/14563\/revisions\/14623"}],"wp:featuredmedia":[{"embeddable":true,"href":"https:\/\/tg.edu.rs\/hun\/wp-json\/wp\/v2\/media\/14564"}],"wp:attachment":[{"href":"https:\/\/tg.edu.rs\/hun\/wp-json\/wp\/v2\/media?parent=14563"}],"wp:term":[{"taxonomy":"category","embeddable":true,"href":"https:\/\/tg.edu.rs\/hun\/wp-json\/wp\/v2\/categories?post=14563"},{"taxonomy":"post_tag","embeddable":true,"href":"https:\/\/tg.edu.rs\/hun\/wp-json\/wp\/v2\/tags?post=14563"}],"curies":[{"name":"wp","href":"https:\/\/api.w.org\/{rel}","templated":true}]}}