{"id":13962,"date":"2017-01-05T10:30:04","date_gmt":"2017-01-05T09:30:04","guid":{"rendered":"http:\/\/tg.edu.rs\/hun\/?p=13962"},"modified":"2017-03-08T10:31:24","modified_gmt":"2017-03-08T09:31:24","slug":"feher-janos-trapper","status":"publish","type":"post","link":"https:\/\/tg.edu.rs\/hun\/feher-janos-trapper\/","title":{"rendered":"Feh\u00e9r J\u00e1nos: Trapper"},"content":{"rendered":"<p>Trapper<\/p>\n<p>A nap teljesen m\u00e1sk\u00e9nt indult, mint az addigiak. Nem b\u00edrtam aludni, felh\u00faztam az \u00f3r\u00e1t 7-re, m\u00e9gis 6-kor \u00e9bredtem fel. De nem voltam f\u00e1radt.<\/p>\n<p>Elmentem s\u00e9t\u00e1lni, majd a boltba, hogy elk\u00f6ltsem a kev\u00e9s megmaradt p\u00e9nzemet is. Nem volt nyitva a k\u00f6z\u00e9rt. \u201eH\u00e1t ez kir\u00e1ly\u201d, gondoltam magamban, \u00e9s els\u00e9t\u00e1ltam a bev\u00e1s\u00e1rl\u00f3k\u00f6zpontba, mely m\u00e1sf\u00e9l \u00f3ra gyalogl\u00e1sra volt. Nem baj, \u00fagyis van id\u0151m. Egy \u00e1rva l\u00e9lek sem volt az utc\u00e1kon, t\u00f6kre olyan volt, mintha egyed\u00fcl lakn\u00e9k az eg\u00e9sz v\u00e1rosban. Egy kicsit olyan Legenda vagyok-os hangulata volt az eg\u00e9sznek. Eszembe jutott, mit csin\u00e1lt Will Smith a kuty\u00e1j\u00e1val, mik\u00f6zben \u201ebev\u00e1s\u00e1rolni\u201d ment. Borzalmasan hossz\u00fanak t\u0171nt az \u00fat, \u00e9s unalmasnak, de egyszer csak megl\u00e1ttam valakit fel\u00e9m s\u00e9t\u00e1lni. Lassan k\u00f6zeledett, \u00e9s amikor tal\u00e1lkoztunk volna, elfordult a sarokn\u00e1l. \u201e\u0150 is biztosan elt\u00e9vedt\u201d, mondtam halkan. Amikor a sarokhoz \u00e9rtem, az ember ott \u00e1llt az eresz mellett, \u00e9s r\u00e1csavarozott valamit az es\u0151csatorna oldal\u00e1ra. Tudtam, hogy fontosabb dolgom is van, de nagyon k\u00edv\u00e1ncsi voltam r\u00e1, mi a fen\u00e9t csin\u00e1l. Odamentem, \u00e9s egy kis vil\u00e1g\u00edt\u00f3s k\u00fcty\u00fct rakott fel. Fogalmam sem volt r\u00f3la, mi lehet az, de lekaptam onnan.<br \/>\n\u2014 Vedd le r\u00f3la a mocskos kezed, de azonnal! \u2014 kiab\u00e1lt ut\u00e1nam a f\u00e9rfi.<br \/>\nAnnyira megijedtem, hogy elfutottam a kis g\u00e9pezettel egy\u00fctt. Szerencs\u00e9m volt, mert a fick\u00f3 nem tudott utol\u00e9rni. Nem \u00e9rdekelt a bolt, futottam haza, meg sem \u00e1lltam. Alaposan megvizsg\u00e1ltam a kis szerkenty\u0171t, m\u00e9gsem tudtam r\u00e1j\u00f6nni, mi lehet az. Kicsi, fekete, kocka alak\u00fa volt, \u00e9s az oldal\u00e1n ez \u00e1llt: TRPR. Bev\u00e1gtam a szekr\u00e9nybe, eldugtam az egyik zoknimba.<\/p>\n<p>M\u00e1snap az iskol\u00e1ban elmaradt a m\u00e1sodik \u00f3r\u00e1nk valamilyen el\u0151ad\u00e1s miatt, melyet k\u00e9t fick\u00f3 tartott. Eleinte \u00e9rdekelt a t\u00e9ma, de m\u00e1r olyan sokat hallottam r\u00f3la el\u0151tte, hogy nem volt kedvem hallgatni, mit fognak m\u00e9g mondani. Bevonult a t\u00f6meg a fenti nagy el\u0151ad\u00f3terembe. Mire mindenki elhelyezkedett, j\u00f3 t\u00edz perc elm\u00falt. Bel\u00e9pett a k\u00e9t f\u00e9rfi az ajt\u00f3n, \u00e9s el\u00e1llt a l\u00e9legzetem. Az egyik a tegnap l\u00e1tott fick\u00f3 volt, aki el akart kapni. \u00d6sszeh\u00faztam magam, mint aki f\u00e9l, hogy mindj\u00e1rt meg\u00fctik. M\u00e9g j\u00f3, hogy a sok gyerek k\u00f6z\u00f6tt nem lehetett \u00e9szrevenni. A f\u00e9rfiak v\u00e9gighadart\u00e1k a mondand\u00f3jukat, nem igaz\u00e1n figyeltem, csak arra eml\u00e9kszem, hogy azt mondt\u00e1k, akadnak k\u00f6z\u00f6tt\u00fcnk vesz\u00e9lyes szem\u00e9lyek is. Az el\u0151ad\u00e1s v\u00e9gezt\u00e9vel gyorsan kirohantam a teremb\u0151l, nehogy megl\u00e1ssanak. A sz\u00f6k\u00e9s sikertelen volt, mert egyik\u0151j\u00fck elkapta a v\u00e1llam.<br \/>\n\u2014 Hol van? \u2014 k\u00e9rdezte.<br \/>\n\u2014 Micsoda?<br \/>\n\u2014 Tudod j\u00f3l, te kis&#8230;<br \/>\n\u00c1m mire befejezte volna, a t\u00e1rsa azt mondta neki, hogy sietni\u00fck kell. Kihaszn\u00e1ltam az alkalmat, \u00e9s elfutottam. Gyorsan hazarohantam, egyre k\u00edv\u00e1ncsibb\u00e1 tett az a valami. Kivettem a szekr\u00e9nyb\u0151l. A g\u00e9pezet pirosan vil\u00e1g\u00edtott. R\u00e1kerestem az interneten a TRPR r\u00f6vid\u00edt\u00e9sre, de a Google csak a TRAPPER sz\u00f3ra adott ki tal\u00e1latokat. Elfog\u00f3 \u2014 \u00e9rdekesnek tal\u00e1ltam a nevet. Pr\u00f3b\u00e1ltam visszaeml\u00e9kezni, hova is ragasztotta fel. A buszmeg\u00e1ll\u00f3 eresz\u00e9re. De mi\u00e9rt?<br \/>\nEkkor hallottam, hogy kiny\u00edlik az ajt\u00f3, de azt gondoltam, biztosan a h\u00e1zi b\u00e1csi az, megint j\u00f6tt unalmaskodni. Viszont egyszer csak egy pisztoly jelent meg az arcom el\u0151tt. No, vajon ki volt az?<br \/>\n\u2014 Most azonnal add ide, mert k\u00fcl\u00f6nben&#8230;<br \/>\nEbben a pillanatban egy robban\u00e1st hallottunk, mind a ketten megijedt\u00fcnk, \u00e9s tudtam, most kell cselekednem. Kir\u00e1ntottam a kez\u00e9b\u0151l a pisztolyt, a f\u00e9rfi r\u00f6gt\u00f6n elter\u00fclt. Zsebre v\u00e1gtam a Trappert, \u00e9s elfutottam a buszmeg\u00e1ll\u00f3hoz. Az eg\u00e9sz \u00e9p\u00fclet romokban hevert, felrobbant.<\/p>\n<p>T\u00e9tlen\u00fcl \u00e1lltam ott egyed\u00fcl, el\u0151vettem a kis g\u00e9pet a zsebemb\u0151l. A piros f\u00e9ny m\u00e1r nem villogott, helyette ez \u00e1llt a k\u00e9perny\u0151j\u00e9n: a bomba hat\u00e1stalan\u00edt\u00e1sa sikertelen.<\/p>\n","protected":false},"excerpt":{"rendered":"<p>Trapper A nap teljesen m\u00e1sk\u00e9nt indult, mint az addigiak. Nem b\u00edrtam aludni, felh\u00faztam az \u00f3r\u00e1t 7-re, m\u00e9gis 6-kor \u00e9bredtem fel. De nem voltam f\u00e1radt. Elmentem s\u00e9t\u00e1lni, majd a boltba, hogy elk\u00f6ltsem a kev\u00e9s megmaradt p\u00e9nzemet is. Nem volt nyitva a<span class=\"ellipsis\">&hellip;<\/span><\/p>\n<div class=\"read-more\"><a href=\"https:\/\/tg.edu.rs\/hun\/feher-janos-trapper\/\">Tov\u00e1bb \u203a<\/a><\/div>\n<p><!-- end of .read-more --><\/p>\n","protected":false},"author":1,"featured_media":10485,"comment_status":"open","ping_status":"open","sticky":false,"template":"","format":"standard","meta":{"_mi_skip_tracking":false},"categories":[256,128],"tags":[233,147],"aioseo_notices":[],"_links":{"self":[{"href":"https:\/\/tg.edu.rs\/hun\/wp-json\/wp\/v2\/posts\/13962"}],"collection":[{"href":"https:\/\/tg.edu.rs\/hun\/wp-json\/wp\/v2\/posts"}],"about":[{"href":"https:\/\/tg.edu.rs\/hun\/wp-json\/wp\/v2\/types\/post"}],"author":[{"embeddable":true,"href":"https:\/\/tg.edu.rs\/hun\/wp-json\/wp\/v2\/users\/1"}],"replies":[{"embeddable":true,"href":"https:\/\/tg.edu.rs\/hun\/wp-json\/wp\/v2\/comments?post=13962"}],"version-history":[{"count":1,"href":"https:\/\/tg.edu.rs\/hun\/wp-json\/wp\/v2\/posts\/13962\/revisions"}],"predecessor-version":[{"id":13963,"href":"https:\/\/tg.edu.rs\/hun\/wp-json\/wp\/v2\/posts\/13962\/revisions\/13963"}],"wp:featuredmedia":[{"embeddable":true,"href":"https:\/\/tg.edu.rs\/hun\/wp-json\/wp\/v2\/media\/10485"}],"wp:attachment":[{"href":"https:\/\/tg.edu.rs\/hun\/wp-json\/wp\/v2\/media?parent=13962"}],"wp:term":[{"taxonomy":"category","embeddable":true,"href":"https:\/\/tg.edu.rs\/hun\/wp-json\/wp\/v2\/categories?post=13962"},{"taxonomy":"post_tag","embeddable":true,"href":"https:\/\/tg.edu.rs\/hun\/wp-json\/wp\/v2\/tags?post=13962"}],"curies":[{"name":"wp","href":"https:\/\/api.w.org\/{rel}","templated":true}]}}