{"id":13924,"date":"2017-03-01T12:55:25","date_gmt":"2017-03-01T11:55:25","guid":{"rendered":"http:\/\/tg.edu.rs\/hun\/?p=13924"},"modified":"2017-03-03T15:10:46","modified_gmt":"2017-03-03T14:10:46","slug":"kampanykorut-3","status":"publish","type":"post","link":"https:\/\/tg.edu.rs\/hun\/kampanykorut-3\/","title":{"rendered":"Kamp\u00e1nyk\u00f6r\u00fat 2017"},"content":{"rendered":"<p>Id\u00e9n is megszervezi gimn\u00e1ziumunk a di\u00e1ktoborz\u00f3 kamp\u00e1nyk\u00f6r\u00fatj\u00e1t, melynek sor\u00e1n tan\u00e1raink k\u00f6rbej\u00e1rj\u00e1k Vajdas\u00e1g magyarlakta telep\u00fcl\u00e9seit. K\u00e9t h\u00e9t alatt mintegy 1200 km-t tesznek meg, \u00e9s 5 k\u00f6z\u00e9piskolai ki\u00e1ll\u00edt\u00e1son vesznek r\u00e9szt, hogy minden olyan vajdas\u00e1gi magyar di\u00e1k, aki \u00e9rdekl\u0151dik a gimn\u00e1zium ir\u00e1nt, v\u00e1laszt kapjon k\u00e9rd\u00e9seire.<\/p>\n<div class=\"symple-box  green center \" style=\"text-align:left;\"> \n<span style=\"text-decoration: underline;\">A menetrend a k\u00f6vetkez\u0151:<\/span><br \/>\n<strong>m\u00e1rcius 1.<\/strong> \u2013 szerda \u2013 a szabadkai Gr\u00f3f Sz\u00e9chenyi Istv\u00e1n, \u0110uro Salaj \u00e9s a Kiz\u00far Istv\u00e1n \u00c1ltal\u00e1nos Iskola<br \/>\n<strong>m\u00e1rcius 2.<\/strong> \u2013 cs\u00fct\u00f6rt\u00f6k \u2013 a szabadkai Okt\u00f3ber 10., Majsai \u00dati, Ivan Goran Kova\u010di\u0107 \u00c1ltal\u00e1nos Iskola<br \/>\n<strong>m\u00e1rcius 6.<\/strong> \u2013 h\u00e9tf\u0151 \u2013 Csantav\u00e9r, Zentagunaras, Gunaras, P\u00e9terr\u00e9ve, Kishegyes<br \/>\n<strong>m\u00e1rcius 7.<\/strong> \u2013 kedd \u2013 Bajmok, a szabadkai\u00a0 Jovan Miki\u0107 \u00c1ltal\u00e1nos Iskola, B\u00e1csgyulafalva<br \/>\n<strong>m\u00e1rcius 9.<\/strong> \u2013 cs\u00fct\u00f6rt\u00f6k \u2013 Cs\u00f3ka, Pad\u00e9, Szaj\u00e1n, Nagykikinda<br \/>\n<strong>m\u00e1rcius 10.<\/strong> \u2013 p\u00e9ntek \u2013 K\u00fala, Szenttam\u00e1s, Topolya<br \/>\n<strong>m\u00e1rcius 11.<\/strong> \u2013 szombat \u2013 Ada (Oktat\u00e1si V\u00e1s\u00e1r)<br \/>\n<strong>m\u00e1rcius 13.<\/strong> \u2013 h\u00e9tf\u0151 \u2013 Torda, Magyarcsernye, Muzslya, Magyarittab\u00e9<br \/>\n<strong>m\u00e1rcius 14.<\/strong> \u2013 kedd \u2013 B\u00e1cskertes, Szil\u00e1gyi, Gombos, Doroszl\u00f3, Zombor, Pacs\u00e9r<br \/>\n<strong>m\u00e1rcius 17.<\/strong> \u2013 p\u00e9ntek \u2013 T\u00f6r\u00f6kbecse, \u00d3becse, Magyarkanizsa (Oktat\u00e1si V\u00e1s\u00e1r)<br \/>\n<strong>m\u00e1rcius 18.<\/strong> \u2013 szombat \u2013 Temerin (Oktat\u00e1si V\u00e1s\u00e1r)<br \/>\n<strong>m\u00e1rcius 25.<\/strong> \u2013 szombat \u2013 Zenta (Oktat\u00e1si V\u00e1s\u00e1r)<\/p>\n<p><strong>K\u00fcl\u00f6n id\u0151pontban l\u00e1togatunk el<\/strong> a palicsi Miroslav Anti\u0107, a szabadkai Jovan Jovanovi\u0107 Zmaj \u00c1ltal\u00e1nos Iskol\u00e1ba, Kir\u00e1lyhalomra, Hajd\u00faj\u00e1r\u00e1sra \u00e9s B\u00e1csfeketehegyre.<br \/>\n<\/div>\n<p>A szabadkai <strong>Oktat\u00e1s\u00fcgyi Ki\u00e1ll\u00edt\u00e1sra<\/strong> \u00e1prilis 19-\u00e9n ker\u00fcl sor, amin szint\u00e9n r\u00e9szt vesz\u00fcnk.<br \/>\nAzokba az iskol\u00e1kba, ahov\u00e1 az id\u00e9n nem jutunk el, sz\u00f3r\u00f3lapokat k\u00fcld\u00fcnk.<\/p>\n<p><a href=\"https:\/\/tg.edu.rs\/hun\/wp-content\/uploads\/2017\/03\/Kampany2017.jpg\"><img loading=\"lazy\" class=\"aligncenter size-full wp-image-13925\" src=\"https:\/\/tg.edu.rs\/hun\/wp-content\/uploads\/2017\/03\/Kampany2017.jpg\" alt=\"\" width=\"720\" height=\"425\" srcset=\"https:\/\/tg.edu.rs\/hun\/wp-content\/uploads\/2017\/03\/Kampany2017.jpg 720w, https:\/\/tg.edu.rs\/hun\/wp-content\/uploads\/2017\/03\/Kampany2017-480x283.jpg 480w, https:\/\/tg.edu.rs\/hun\/wp-content\/uploads\/2017\/03\/Kampany2017-250x148.jpg 250w, https:\/\/tg.edu.rs\/hun\/wp-content\/uploads\/2017\/03\/Kampany2017-300x177.jpg 300w, https:\/\/tg.edu.rs\/hun\/wp-content\/uploads\/2017\/03\/Kampany2017-100x59.jpg 100w, https:\/\/tg.edu.rs\/hun\/wp-content\/uploads\/2017\/03\/Kampany2017-150x89.jpg 150w, https:\/\/tg.edu.rs\/hun\/wp-content\/uploads\/2017\/03\/Kampany2017-200x118.jpg 200w, https:\/\/tg.edu.rs\/hun\/wp-content\/uploads\/2017\/03\/Kampany2017-450x266.jpg 450w, https:\/\/tg.edu.rs\/hun\/wp-content\/uploads\/2017\/03\/Kampany2017-600x354.jpg 600w\" sizes=\"(max-width: 720px) 100vw, 720px\" \/><\/a><\/p>\n<p><strong><span style=\"color: #000000;\">M\u00e1rcius 24-\u00e9n, p\u00e9nteken 10,00-12,00 k\u00f6z\u00f6tt NYITOTT NAPon vend\u00e9g\u00fcl l\u00e1tjuk az \u00e9rdekl\u0151d\u0151 di\u00e1kokat \u00e9s sz\u00fcleiket.<\/span><\/strong> A program: felv\u00e9teli t\u00e1j\u00e9koztat\u00f3, nyitott \u00f3r\u00e1k, besz\u00e9lget\u00e9s di\u00e1kjainkkal, tan\u00e1rainkkal majd a gimn\u00e1zium \u00e9p\u00fclet\u00e9nek megtekint\u00e9se.<\/p>\n<div class=\"symple-box  green center \" style=\"text-align:left;\"> \n<span style=\"color: #000000;\"><strong>A <\/strong><strong>felv\u00e9teli felk\u00e9sz\u00edt\u0151nket<\/strong><\/span><strong><span style=\"color: #000000;\"> id\u00e9n k\u00e9t r\u00e9szben tartjuk:<\/span> <\/strong><\/p>\n<p><span style=\"color: #000000;\"><strong> El\u0151sz\u00f6r m\u00e1rcius 31\u2013\u00e1prilis 2. <\/strong><\/span>k\u00f6z\u00f6tt v\u00e1rjuk a nyelvi tagozatunkra felv\u00e9telizni sz\u00e1nd\u00e9koz\u00f3 nyolcadikosokat.<\/p>\n<p><span style=\"color: #000000;\"><strong>M\u00e1sodszor \u00e1prilis 28\u201330. <\/strong><\/span>k\u00f6z\u00f6tti h\u00e9tv\u00e9g\u00e9n <u>folytatjuk<\/u> felk\u00e9sz\u00edt\u0151 foglalkoz\u00e1sokat.<\/p>\n<p><span style=\"color: #000000;\"><strong><u>Az \u00e9rdekl\u0151d\u0151ket mindk\u00e9t h\u00e9tv\u00e9g\u00e9re v\u00e1rjuk!<\/u><\/strong><\/span><\/p>\n<p><strong>Bejelentkez\u00e9s <\/strong><strong>a felv\u00e9teli felk\u00e9sz\u00edt\u0151re <\/strong>szem\u00e9lyesen, vagy a 024\/670-860-as telefonsz\u00e1mon (n\u00e9v, szak, lakc\u00edm, telefonsz\u00e1m megad\u00e1s\u00e1val),<strong> legk\u00e9s\u0151bb m\u00e1rcius 24-ig.<\/strong><\/p>\n<p><a href=\"https:\/\/tg.edu.rs\/hun\/friss-felveteli-es-beiratkozasi-informaciok\/\" target=\"_blank\">B\u0151vebben ide kattintva olvashattok r\u00f3la.<\/a><br \/>\n<\/div>\n<p>A di\u00e1ktoborz\u00f3 kamp\u00e1ny a Bethlen G\u00e1bor Alapkezel\u0151 Zrt. t\u00e1mogat\u00e1s\u00e1val val\u00f3sul meg.<\/p>\n","protected":false},"excerpt":{"rendered":"<p>Id\u00e9n is megszervezi gimn\u00e1ziumunk a di\u00e1ktoborz\u00f3 kamp\u00e1nyk\u00f6r\u00fatj\u00e1t, melynek sor\u00e1n tan\u00e1raink k\u00f6rbej\u00e1rj\u00e1k Vajdas\u00e1g magyarlakta telep\u00fcl\u00e9seit. K\u00e9t h\u00e9t alatt mintegy 1200 km-t tesznek meg, \u00e9s 5 k\u00f6z\u00e9piskolai ki\u00e1ll\u00edt\u00e1son vesznek r\u00e9szt, hogy minden olyan vajdas\u00e1gi magyar di\u00e1k, aki \u00e9rdekl\u0151dik a gimn\u00e1zium ir\u00e1nt, v\u00e1laszt<span class=\"ellipsis\">&hellip;<\/span><\/p>\n<div class=\"read-more\"><a href=\"https:\/\/tg.edu.rs\/hun\/kampanykorut-3\/\">Tov\u00e1bb \u203a<\/a><\/div>\n<p><!-- end of .read-more --><\/p>\n","protected":false},"author":1,"featured_media":13925,"comment_status":"open","ping_status":"open","sticky":false,"template":"","format":"standard","meta":{"_mi_skip_tracking":false},"categories":[206,5],"tags":[233,56,58,73],"aioseo_notices":[],"_links":{"self":[{"href":"https:\/\/tg.edu.rs\/hun\/wp-json\/wp\/v2\/posts\/13924"}],"collection":[{"href":"https:\/\/tg.edu.rs\/hun\/wp-json\/wp\/v2\/posts"}],"about":[{"href":"https:\/\/tg.edu.rs\/hun\/wp-json\/wp\/v2\/types\/post"}],"author":[{"embeddable":true,"href":"https:\/\/tg.edu.rs\/hun\/wp-json\/wp\/v2\/users\/1"}],"replies":[{"embeddable":true,"href":"https:\/\/tg.edu.rs\/hun\/wp-json\/wp\/v2\/comments?post=13924"}],"version-history":[{"count":12,"href":"https:\/\/tg.edu.rs\/hun\/wp-json\/wp\/v2\/posts\/13924\/revisions"}],"predecessor-version":[{"id":13937,"href":"https:\/\/tg.edu.rs\/hun\/wp-json\/wp\/v2\/posts\/13924\/revisions\/13937"}],"wp:featuredmedia":[{"embeddable":true,"href":"https:\/\/tg.edu.rs\/hun\/wp-json\/wp\/v2\/media\/13925"}],"wp:attachment":[{"href":"https:\/\/tg.edu.rs\/hun\/wp-json\/wp\/v2\/media?parent=13924"}],"wp:term":[{"taxonomy":"category","embeddable":true,"href":"https:\/\/tg.edu.rs\/hun\/wp-json\/wp\/v2\/categories?post=13924"},{"taxonomy":"post_tag","embeddable":true,"href":"https:\/\/tg.edu.rs\/hun\/wp-json\/wp\/v2\/tags?post=13924"}],"curies":[{"name":"wp","href":"https:\/\/api.w.org\/{rel}","templated":true}]}}