{"id":13756,"date":"2017-01-25T20:38:01","date_gmt":"2017-01-25T19:38:01","guid":{"rendered":"http:\/\/tg.edu.rs\/hun\/?p=13756"},"modified":"2017-07-19T16:21:27","modified_gmt":"2017-07-19T14:21:27","slug":"friss-felveteli-es-beiratkozasi-informaciok","status":"publish","type":"post","link":"https:\/\/tg.edu.rs\/hun\/friss-felveteli-es-beiratkozasi-informaciok\/","title":{"rendered":"Friss felv\u00e9teli \u00e9s beiratkoz\u00e1si inform\u00e1ci\u00f3k!"},"content":{"rendered":"<h3><span style=\"color: #3366ff;\"><strong>FELV\u00c9TELI FELK\u00c9SZ\u00cdT\u0150 2017<\/strong><\/span><\/h3>\n<p><strong>Id\u00e9n k\u00e9t r\u00e9szben tartjuk a felv\u00e9teli felk\u00e9sz\u00edt\u0151nket: el\u0151sz\u00f6r \u00e1prilis elej\u00e9n, majd \u00e1prilis v\u00e9g\u00e9n is v\u00e1rjuk a nyelvi tagozatunkra felv\u00e9telizni sz\u00e1nd\u00e9koz\u00f3 nyolcadikosokat. A felk\u00e9sz\u00edt\u0151 p\u00e9ntek d\u00e9lut\u00e1nt\u00f3l vas\u00e1rnap d\u00e9lut\u00e1nig fog tartani.<\/strong><\/p>\n<div class=\"symple-box  green center \" style=\"text-align:left;\"> \n<span style=\"color: #999999;\"><strong>M\u00e1rcius 1-j\u00e9n <\/strong><strong>kezd\u0151dik<\/strong><strong> a kamp\u00e1nyunk<\/strong><strong>, <\/strong>melynek sor\u00e1n ell\u00e1togatunk az \u00e1ltal\u00e1nos iskol\u00e1kba.<\/span><\/p>\n<p><span style=\"color: #999999;\"><strong>M\u00e1rcius 24-\u00e9n, <\/strong>p\u00e9nteken<strong> 10,00-12,00 \u00f3rakor<\/strong><strong> tartjuk a <\/strong><strong>Nyitott Nap<\/strong><strong>unkat, <\/strong>melyre szeretettel v\u00e1rjuk az \u00e9rdekl\u0151d\u0151 nyolcadikosokat \u00e9s hetedikeseket, sz\u00fcleikkel egy\u00fctt!<\/span><\/p>\n<p><span style=\"color: #999999;\"><span style=\"text-decoration: underline;\"><strong>A <\/strong><strong>felv\u00e9teli felk\u00e9sz\u00edt\u0151nket<\/strong><\/span><strong><span style=\"text-decoration: underline;\"> id\u00e9n k\u00e9t r\u00e9szben tartjuk:<\/span><\/strong><\/span><\/p>\n<p><span style=\"color: #999999;\"><strong>\u00a0\u00a0\u00a0\u00a0 1. el\u0151sz\u00f6r m\u00e1rcius 31\u2013\u00e1prilis 2. k\u00f6z\u00f6tt v\u00e1rjuk a nyelvi tagozatunkra felv\u00e9telizni sz\u00e1nd\u00e9koz\u00f3 nyolcadikosokat. <\/strong>A felk\u00e9sz\u00edt\u0151 p\u00e9ntek d\u00e9lut\u00e1nt\u00f3l vas\u00e1rnap d\u00e9lut\u00e1nig fog tartani.<\/span><\/p>\n<p><span style=\"color: #999999;\"><strong>M\u00e1rcius 31-\u00e9n, p\u00e9nteken 12.30-t\u00f3l gy\u00fclekez\u0151 \u00e9s regisztr\u00e1ci\u00f3<\/strong><strong>\u00a0 <\/strong>a Gimn\u00e1ziumban (Trg \u017ertava fa\u0161izma 21).<\/span><\/p>\n<p><span style=\"color: #999999;\">Els\u0151 nap 13,00\u201318.00-ig tartanak a foglalkoz\u00e1sok. Ut\u00e1na \u00e1tk\u00eds\u00e9rj\u00fck a koll\u00e9giumba (Haramba\u0161i\u0107eva 22.) azokat a di\u00e1kokat, aki ott lesznek elsz\u00e1ll\u00e1solva. Az \u00e9tkeztet\u00e9s az els\u0151 napon vacsor\u00e1val kezd\u0151dik, az utols\u00f3 napon reggelivel fejez\u0151dik.<\/span><\/p>\n<p><span style=\"color: #999999;\"><strong>\u00a0\u00a0\u00a0\u00a0\u00a0 2. \u00e1prilis 28\u201330. <\/strong><strong>k\u00f6z\u00f6tti h\u00e9tv\u00e9g\u00e9n<\/strong><strong> <u>folytatjuk<\/u> <\/strong><strong>felk\u00e9sz\u00edt\u0151 foglalkoz\u00e1sokat<\/strong><strong>. <\/strong><\/span><\/p>\n<p><span style=\"color: #999999;\">\u00c1prilis 28-\u00e1n<\/span><br \/>\n<span style=\"color: #999999;\"> 12.30-kor gy\u00fclekez\u0151<\/span><br \/>\n<span style=\"color: #999999;\"> 13.00-t\u00f3l foglalkoz\u00e1s<\/span><\/p>\n<p><span style=\"color: #999999;\">\u00c1prilis 29-\u00e9n<\/span><br \/>\n<span style=\"color: #999999;\"> 8.00-12.00 foglalkoz\u00e1s<\/span><br \/>\n<span style=\"color: #999999;\"> 12.00-14.00 eb\u00e1dsz\u00fcnet<\/span><br \/>\n<span style=\"color: #999999;\"> 14.00-18.00 foglalkoz\u00e1s<\/span><\/p>\n<p><span style=\"color: #999999;\">\u00c1prilis 30-\u00e1n<\/span><br \/>\n<span style=\"color: #999999;\"> 8.00-14.00 foglalkoz\u00e1s<\/span><\/p>\n<p><span style=\"color: #999999;\"><strong>Bejelentkez\u00e9s <\/strong><strong>a felv\u00e9teli felk\u00e9sz\u00edt\u0151re szem\u00e9lyesen, vagy a 024\/670-860-as telefonsz\u00e1mon (n\u00e9v, szak, lakc\u00edm, telefonsz\u00e1m megad\u00e1s\u00e1val).<\/strong><\/span><\/p>\n<\/div>\n<hr style=\"height: 1px;\" \/>\n<h3><span style=\"color: #3366ff;\">FELV\u00c9TELI VIZSGA<\/span><\/h3>\n<div class=\"symple-box  green center \" style=\"text-align:left;\"> \n<span style=\"color: #999999;\"><strong>M\u00e1jus 12-13-14-15.<\/strong> (p\u00e9ntek, szombat, vas\u00e1rnap, h\u00e9tf\u0151):<strong> Bejelentkez\u00e9s a felv\u00e9teli vizsg\u00e1ra <span style=\"text-decoration: underline;\">SZEM\u00c9LYESEN a titk\u00e1rs\u00e1gon<\/span><\/strong>, id\u0151pont:\u00a0<strong>9.00-14.00<\/strong><\/span><br \/>\n<span style=\"color: #999999;\"><strong>J\u00fanius 3-4.<\/strong> (szombat-vas\u00e1rnap):<strong>\u00a0<\/strong><strong>FELV\u00c9TELI VIZSGA<\/strong> id\u0151pontja mindk\u00e9t napon\u00a0<strong>10.00-12.00<\/strong><\/span><br \/>\n<span style=\"color: #999999;\"><strong>J\u00fanius 7.<\/strong> (szerda):\u00a0a felv\u00e9teli vizsga <strong>el\u0151zetes eredm\u00e9ny<\/strong>ei\u00a0<strong>8.00<\/strong>-t\u00f3l<\/span><br \/>\n<span style=\"color: #999999;\"> <strong>J\u00fanius 8.<\/strong>\u00a0(cs\u00fct\u00f6rt\u00f6k)\u00a08.00 \u2013 16.00 \u00f3r\u00e1ig: <strong>Fellebbez\u00e9s<\/strong><\/span><br \/>\n<span style=\"color: #999999;\"> <strong>J\u00fanius 9.<\/strong> (p\u00e9ntek):\u00a0a felv\u00e9teli vizsga <strong>eredm\u00e9ny<\/strong>e\u00a0<strong>12.00-ig<\/strong><\/span><br \/>\n<span style=\"color: #999999;\"> Ezt k\u00f6veti a felv\u00e9teli vizsga pontsz\u00e1mainak felt\u00f6lt\u00e9se a Miniszt\u00e9rium adatb\u00e1zis\u00e1ba. Ezut\u00e1n meg kell v\u00e1rni a kis\u00e9retts\u00e9gi eredm\u00e9nyeit, melyet az \u00e1ltal\u00e1nos iskol\u00e1k t\u00f6ltenek fel az eml\u00edtett adatb\u00e1zisba, a 6-7-8. oszt\u00e1lyos \u00e9v v\u00e9gi eredm\u00e9nyekkel egy\u00fctt. Ezekb\u0151l a pontsz\u00e1mokb\u00f3l alakul ki a v\u00e9gs\u0151 sorrend.<\/span><br \/>\n<span style=\"color: #999999;\"><strong>J\u00fanius 25-26.<\/strong> (szombat-vas\u00e1rnap):\u00a0<strong>a k\u00edv\u00e1ns\u00e1glist\u00e1k kit\u00f6lt\u00e9se az \u00e1ltal\u00e1nos iskol\u00e1kban<\/strong>\u00a0<strong>8.00-15.00<\/strong><\/span><br \/>\n<span style=\"color: #ff0000;\"><strong>J\u00falius 4-5. <\/strong>(kedd-szerda):\u00a0a <strong>beiratkoz\u00e1s els\u0151 k\u00f6re<br \/>\nJ\u00falius 7. <\/strong>(p\u00e9ntek):\u00a0a <strong>beiratkoz\u00e1s m\u00e1sodik k\u00f6re<\/strong><\/span><br \/>\n<\/div>\n<strong><span style=\"color: #ff0000;\">(a r\u00e9szleteket l\u00e1sd al\u00e1bb!)<\/span><\/strong><br \/>\n<hr class=\"symple-divider solid \" style=\"margin-top: 20px;margin-bottom: 20px;\" \/>\n<p><a name=\"top\"><\/a><a href=\"https:\/\/tg.edu.rs\/hun\/felveteli-2015\/#nyelvi\">1. Nyelvi tagozatok<\/a><br \/>\n<a href=\"https:\/\/tg.edu.rs\/hun\/felveteli-2015\/#sport\">2. \u00c1ltal\u00e1nos tagozat<\/a><\/p>\n<p><a name=\"nyelvi\"><\/a><\/p>\n<p style=\"text-align: left;\"><span style=\"text-decoration: underline; color: #3366ff;\"><strong>NYELVI TAGOZAT<\/strong><\/span><\/p>\n<p>&#8211; A 2017\/2018-as tan\u00e9vben 1 angol \u00e9s 1 n\u00e9met nyelvi tagozat indul.<br \/>\n&#8211; Mindk\u00e9t tagozatra 24 tanul\u00f3t vesz\u00fcnk fel.<\/p>\n<p style=\"text-align: left;\"><div class=\"symple-box  green center \" style=\"text-align:left;\"> A felv\u00e9teli vizsg\u00e1ra val\u00f3 bejelentkez\u00e9s id\u0151pontja:<br \/>\n<strong>M\u00e1jus 12-13-14-15. (p\u00e9ntek, szombat, vas\u00e1rnap, h\u00e9tf\u0151):<\/strong> <strong>9.00-14.00<\/strong><br \/>\n<\/div>\n<p style=\"text-align: left;\"><strong>A BEJELENTKEZ\u00c9SHEZ SZ\u00dcKS\u00c9GES DOKUMENTUMOK:<\/strong><\/p>\n<p style=\"text-align: center;\"><a href=\"http:\/\/tg.edu.rs\/downloads\/felveteli\/Jelentkezesi_urlap_nyelvi.pdf\"><strong><em>A jelentkez\u00e9si \u0171rlap ide kattintva t\u00f6lthet\u0151 le<\/em><\/strong><\/a><\/p>\n<p><strong>1. A bizony\u00edtv\u00e1ny els\u0151 h\u00e1rom oldal\u00e1nak hiteles\u00edtett f\u00e9nym\u00e1solata<\/strong>, ahol a f\u00e9nyk\u00e9p \u00e9s a szem\u00e9lyes adatok tal\u00e1lhat\u00f3k. A tanul\u00f3 el\u0151z\u0151leg \u00edrja al\u00e1 a bizony\u00edtv\u00e1ny\u00e1t a f\u00e9nyk\u00e9p alatt jelzett helyen.<\/p>\n<p><strong>2. A 6-7-8. oszt\u00e1lyos \u00e9v v\u00e9gi bizony\u00edtv\u00e1ny hiteles\u00edtett f\u00e9nym\u00e1solata.<\/strong><br \/>\nAmennyiben m\u00e9g nincs nyolcadikos \u00e9v v\u00e9gi bizony\u00edtv\u00e1ny, akkor az els\u0151 f\u00e9l\u00e9vi eredm\u00e9ny f\u00e9nym\u00e1solata kell. Azonban amint megkapj\u00e1k az \u00e9v v\u00e9gi bizony\u00edtv\u00e1nyt, azt azonnal le kell f\u00e9nym\u00e1solni, hiteles\u00edteni \u00e9s eljuttatni a gimn\u00e1ziumba!<\/p>\n<div class=\"symple-box  green center \" style=\"text-align:left;\"> \n<strong>HITELES\u00cdTENI EL\u00c9G AZ ADOTT \u00c1LTAL\u00c1NOS ISKOL\u00c1BAN (hivatalos pecs\u00e9t + al\u00e1\u00edr\u00e1s a titk\u00e1rs\u00e1gt\u00f3l).<\/strong><br \/>\n<strong> MINDEN F\u00c9NYM\u00c1SOLT OLDALT HITELES\u00cdTENI KELL!!!<\/strong><br \/>\n<\/div>\n<p><strong>3. Azonos\u00edt\u00f3 k\u00f3d<\/strong>, amit az \u00e1ltal\u00e1nos iskola titk\u00e1rs\u00e1g\u00e1t\u00f3l kell k\u00e9rni, \u00e9s amit a bizony\u00edtv\u00e1ny els\u0151 oldal\u00e1nak f\u00e9nym\u00e1solat\u00e1ra kell r\u00e1\u00edrni.<br \/>\n*(A Miniszt\u00e9rium minden nyolcadikos di\u00e1k sz\u00e1m\u00e1ra megad egy azonos\u00edt\u00f3 k\u00f3dot, amelyet eljuttat az adott \u00e1ltal\u00e1nos iskol\u00e1ba).<\/p>\n<p><strong>4. Eredeti anyak\u00f6nyvi kivonat.<\/strong><\/p>\n<p>\u2013 Az Oktat\u00e1si Miniszt\u00e9rium \u00e1ltal szervezett szerbiai nyelvi (magyar, angol, n\u00e9met) k\u00f6zt\u00e1rsas\u00e1gi versenyen el\u00e9rt eredm\u00e9nyek.<br \/>\nFontos: csak a 8. oszt\u00e1lyos k\u00f6zt\u00e1rsas\u00e1gi versenyen el\u00e9rt els\u0151 h\u00e1rom helyez\u00e9sre adhat\u00f3 pont!<br \/>\nA felv\u00e9teli jelentkez\u00e9skor mell\u00e9kelni kell a diploma f\u00e9nym\u00e1solat\u00e1t az eredeti felmutat\u00e1s\u00e1val.<\/p>\n<div class=\"symple-box  green center \" style=\"text-align:left;\"> \n<strong>A FELV\u00c9TELI VIZSGA ID\u0150PONTJA:<\/strong><br \/>\n<strong>J\u00fanius 3.<\/strong> <strong>(szombat)<\/strong>: 10.00 \u2013 12.00 \u00f3ra felv\u00e9teli vizsga magyar nyelv \u00e9s irodalomb\u00f3l<br \/>\n<strong>J\u00fanius 4.<\/strong> <strong>(vas\u00e1rnap)<\/strong>: 10.00 \u2013 12.00 \u00f3ra felv\u00e9teli vizsga idegen nyelvb\u0151l (angol\/n\u00e9met)<br \/>\n<\/div>\n<p><strong>*A di\u00e1koknak 30 perccel (9.30-kor) meg kell jelenni\u00fck a felv\u00e9teli vizsga el\u0151tt.<\/strong> A felv\u00e9telire mindenki felt\u00e9tlen\u00fcl hozza mag\u00e1val a di\u00e1kk\u00f6nyvecsk\u00e9j\u00e9t vagy valamilyen m\u00e1s f\u00e9nyk\u00e9pes dokumentumot (pl. \u00fatlev\u00e9l) a szem\u00e9lyazonos\u00edt\u00e1s miatt!!!<\/p>\n<p>Legk\u00e9s\u0151bb a felv\u00e9telire kell behozni:<br \/>\n\u2013 8. oszt\u00e1lyos \u00e9v v\u00e9gi bizony\u00edtv\u00e1ny hiteles\u00edtett f\u00e9nym\u00e1solat\u00e1t,<br \/>\n\u2013 a Vuk-diploma hiteles\u00edtett f\u00e9nym\u00e1solat\u00e1t. (A Vuk-diplom\u00e1\u00e9rt nem j\u00e1r k\u00fcl\u00f6n pont, csak pontegyenl\u0151s\u00e9g eset\u00e9n sz\u00e1m\u00edt.)<\/p>\n<p style=\"text-align: left;\"><div class=\"symple-box  green center \" style=\"text-align:left;\"> \n<p><strong>EGY\u00c9B FONTOS D\u00c1TUMOK:<\/strong><br \/>\n<strong>J\u00fanius 7. (szerda):<\/strong> a felv\u00e9teli vizsga el\u0151zetes eredm\u00e9nyei <strong>8.00-t\u00f3l<\/strong><br \/>\n<strong>J\u00fanius 8.<\/strong> <strong>(cs\u00fct\u00f6rt\u00f6k)<\/strong> 8.00 \u2013 16.00 \u00f3r\u00e1ig: Fellebbez\u00e9s<br \/>\n<strong>J\u00fanius 9. (p\u00e9ntek):<\/strong> V\u00c9GLEGES\u00cdTETT EREDM\u00c9NYHIRDET\u00c9S <strong>12.00-ig<\/strong><br \/>\n<strong>J\u00fanius 18. (vas\u00e1rnap)<\/strong>: A kis\u00e9retts\u00e9gi el\u0151zetes eredm\u00e9nyhirdet\u00e9se az \u00e1ltal\u00e1nos iskol\u00e1ban <strong>8.00-ig<\/strong><br \/>\n<strong>J\u00fanius 23.<\/strong> <strong>(p\u00e9ntek)<\/strong>: A kis\u00e9retts\u00e9gi v\u00e9gleges eredm\u00e9nyhirdet\u00e9se az \u00e1ltal\u00e1nos iskol\u00e1ban <strong>8.00-ig<\/strong><br \/>\n<strong>J\u00fanius 24-25. (szombat-vas\u00e1rnap):<\/strong> a k\u00edv\u00e1ns\u00e1glist\u00e1k kit\u00f6lt\u00e9se az \u00e1ltal\u00e1nos iskol\u00e1kban <strong>8.00-15.00<\/strong><br \/>\n<strong>J\u00falius 4-5. (kedd-szerda):<\/strong> a be\u00edrtakoz\u00e1s els\u0151 k\u00f6re \u2013 <strong>IRATKOZ\u00c1S A KOSZTOL\u00c1NYI GIMN\u00c1ZIUMBA.<\/strong><br \/>\n<strong>J\u00falius 7. (p\u00e9ntek):<\/strong> a be\u00edrtakoz\u00e1s m\u00e1sodik k\u00f6re<br \/>\n<\/div>\n<p><strong><em>Bejut\u00e1s felt\u00e9telei a nyelvi tagozatra:<\/em><\/strong><br \/>\n1. Felv\u00e9teli vizsga idegen nyelvb\u0151l \u00e9s magyar nyelv \u00e9s irodalomb\u00f3l.<br \/>\n<strong>Mindk\u00e9t felv\u00e9telin minimum 50%-ot kell teljes\u00edteni, a 120 pontb\u00f3l minimum 60-at.<\/strong><br \/>\n2. Kis\u00e9retts\u00e9gi eredm\u00e9nyek,<br \/>\n<strong>3. K\u00edv\u00e1ns\u00e1glista kit\u00f6lt\u00e9se,<\/strong><br \/>\n6-8. oszt\u00e1lyos tanulm\u00e1nyi \u00e1tlag.<br \/>\n\u2013 A v\u00e9gleges pontsz\u00e1mot n\u00f6velheti: a 8. oszt\u00e1lyban megszerzett k\u00f6zt\u00e1rsas\u00e1gi angol, n\u00e9met vagy magyar nyelvi versenyen el\u00e9rt els\u0151 h\u00e1rom helyez\u00e9s egyike.<\/p>\n<p><strong>Koll\u00e9gium<\/strong><br \/>\nA tanul\u00f3k tanulm\u00e1nyi \u00e1tlagukt\u00f3l \u00e9s a csal\u00e1d j\u00f6vedelm\u00e9t\u0151l f\u00fcgg\u0151en juthatnak be a szabadkai di\u00e1kotthonba.<\/p>\n<hr \/>\n<p><a name=\"sport\"><\/a><br \/>\n<span style=\"text-decoration: underline; color: #3366ff;\"><strong>\u00c1LTAL\u00c1NOS TAGOZAT<\/strong><\/span><\/p>\n<p>Az \u00e1ltal\u00e1nos tagozatra 30 tanul\u00f3t vesz\u00fcnk fel.<\/p>\n<p style=\"text-align: left;\"><div class=\"symple-box  green center \" style=\"text-align:left;\"> \n<p><strong>EGY\u00c9B FONTOS D\u00c1TUMOK:<\/strong><br \/>\n<strong>J\u00fanius 18. (vas\u00e1rnap)<\/strong>: A kis\u00e9retts\u00e9gi el\u0151zetes eredm\u00e9nyhirdet\u00e9se az \u00e1ltal\u00e1nos iskol\u00e1ban\u00a0<strong>8.00-t\u00f3l<\/strong><br \/>\n<strong>J\u00fanius 23.<\/strong>\u00a0<strong>(p\u00e9ntek)<\/strong>: A kis\u00e9retts\u00e9gi v\u00e9gleges eredm\u00e9nyhirdet\u00e9se az \u00e1ltal\u00e1nos iskol\u00e1ban\u00a0<strong>8.00-t\u00f3l<\/strong><br \/>\n<strong>J\u00fanius 24-25. (szombat-vas\u00e1rnap):<\/strong>\u00a0a k\u00edv\u00e1ns\u00e1glist\u00e1k kit\u00f6lt\u00e9se az \u00e1ltal\u00e1nos iskol\u00e1kban\u00a0<strong>8.00-15.00<\/strong><br \/>\n<\/div>\n<p><strong><em>A BEIRATKOZ\u00c1SHOZ SZ\u00dcKS\u00c9GES DOKUMENTUMOK<\/em><\/strong><strong><em>:<\/em><\/strong><\/p>\n<p><strong>1. <\/strong>A bizony\u00edtv\u00e1ny els\u0151 h\u00e1rom oldal\u00e1nak hiteles\u00edtett f\u00e9nym\u00e1solata, ahol a f\u00e9nyk\u00e9p \u00e9s a szem\u00e9lyes adatok tal\u00e1lhat\u00f3k. A tanul\u00f3 el\u0151z\u0151leg \u00edrja al\u00e1 a bizony\u00edtv\u00e1ny\u00e1t a f\u00e9nyk\u00e9p alatt jelzett helyen.<br \/>\n<strong>2. <\/strong>A 6-7-8. oszt\u00e1lyos \u00e9v v\u00e9gi bizony\u00edtv\u00e1ny hiteles\u00edtett f\u00e9nym\u00e1solata.<br \/>\nAmennyiben m\u00e9g nincs nyolcadikos \u00e9v v\u00e9gi bizony\u00edtv\u00e1ny, akkor az els\u0151 f\u00e9l\u00e9vi eredm\u00e9ny f\u00e9nym\u00e1solata kell. Azonban amint megkapj\u00e1k az \u00e9v v\u00e9gi bizony\u00edtv\u00e1nyt, azt\u00a0<strong>azonnal<\/strong>\u00a0le kell f\u00e9nym\u00e1solni, hiteles\u00edteni \u00e9s eljuttatni a gimn\u00e1ziumba!<\/p>\n<div class=\"symple-box  green center \" style=\"text-align:left;\"> \n<strong>HITELES\u00cdTENI EL\u00c9G AZ ADOTT \u00c1LTAL\u00c1NOS ISKOL\u00c1BAN (hivatalos pecs\u00e9t + al\u00e1\u00edr\u00e1s a titk\u00e1rs\u00e1gt\u00f3l). MINDEN F\u00c9NYM\u00c1SOLT OLDALT HITELES\u00cdTENI KELL!!!<\/strong><br \/>\n<\/div>\n<p><strong>3. Azonos\u00edt\u00f3 k\u00f3d,\u00a0<\/strong>amit az \u00e1ltal\u00e1nos iskola titk\u00e1rs\u00e1g\u00e1t\u00f3l kell k\u00e9rni, \u00e9s amit a bizony\u00edtv\u00e1ny els\u0151 oldal\u00e1nak f\u00e9nym\u00e1solat\u00e1ra kell r\u00e1\u00edrni. *(A Miniszt\u00e9rium minden nyolcadikos di\u00e1k sz\u00e1m\u00e1ra megad egy azonos\u00edt\u00f3 k\u00f3dot, amelyet azt\u00e1n eljuttat az adott \u00e1ltal\u00e1nos iskol\u00e1ba).<\/p>\n<p><strong>4. <\/strong>Eredeti anyak\u00f6nyvi kivonat.<\/p>\n<div class=\"symple-box  green center \" style=\"text-align:left;\"> \n<strong><em>A be\u00edratkoz\u00e1s id\u0151pontja<\/em><\/strong><strong><em>:<\/em><\/strong><em> j\u00falius 4. \u00e9s 5 (kedd-szerda).<\/em> Mindk\u00e9t napon: 8.00 &#8211; 14.00 \u00f3r\u00e1ig.<br \/>\n<\/div>\n<p style=\"text-align: center;\"><a href=\"http:\/\/tg.edu.rs\/downloads\/felveteli\/Jelentkezesi_urlap_altalanos.pdf\"><strong><em>A jelentkez\u00e9si \u0171rlap az \u00e1ltal\u00e1nos tagozatra, ide kattintva t\u00f6lthet\u0151 le<\/em><\/strong><\/a><\/p>\n<p><strong>Az \u00e1ltal\u00e1nos tagozatra bejut\u00e1s felt\u00e9telei:<\/strong><br \/>\nAz \u00e1ltal\u00e1nos iskol\u00e1ban letett<strong> kis\u00e9retts\u00e9gi vizsga<\/strong>. 6-8. oszt\u00e1lyos tanulm\u00e1nyi \u00e1tlag, <strong>k\u00edv\u00e1ns\u00e1glista kit\u00f6lt\u00e9se.<\/strong><\/p>\n<p><strong>Koll\u00e9gium<\/strong><br \/>\nA tanul\u00f3k tanulm\u00e1nyi \u00e1tlagukt\u00f3l \u00e9s a csal\u00e1d j\u00f6vedelm\u00e9t\u0151l f\u00fcgg\u0151en juthatnak be a szabadkai di\u00e1kotthonba.<\/p>\n<hr style=\"height: 1px;\" \/>\n<p>Az al\u00e1bbi k\u00e9pen a Gimn\u00e1zium megk\u00f6zel\u00edt\u00e9se \u00e9s a parkol\u00e1si lehet\u0151s\u00e9gek l\u00e1that\u00f3ak. <span style=\"text-decoration: underline;\">A Pet\u0151fi S\u00e1ndor utca pirossal jel\u00f6lt r\u00e9sze le van z\u00e1rva!<\/span><\/p>\n<p><a href=\"https:\/\/tg.edu.rs\/hun\/wp-content\/uploads\/2017\/01\/Parkolas.jpg\"><img loading=\"lazy\" class=\"aligncenter size-full wp-image-13763\" src=\"https:\/\/tg.edu.rs\/hun\/wp-content\/uploads\/2017\/01\/Parkolas.jpg\" alt=\"\" width=\"983\" height=\"712\" srcset=\"https:\/\/tg.edu.rs\/hun\/wp-content\/uploads\/2017\/01\/Parkolas.jpg 983w, https:\/\/tg.edu.rs\/hun\/wp-content\/uploads\/2017\/01\/Parkolas-480x348.jpg 480w, https:\/\/tg.edu.rs\/hun\/wp-content\/uploads\/2017\/01\/Parkolas-250x181.jpg 250w, https:\/\/tg.edu.rs\/hun\/wp-content\/uploads\/2017\/01\/Parkolas-300x217.jpg 300w, https:\/\/tg.edu.rs\/hun\/wp-content\/uploads\/2017\/01\/Parkolas-100x72.jpg 100w, https:\/\/tg.edu.rs\/hun\/wp-content\/uploads\/2017\/01\/Parkolas-150x109.jpg 150w, https:\/\/tg.edu.rs\/hun\/wp-content\/uploads\/2017\/01\/Parkolas-200x145.jpg 200w, https:\/\/tg.edu.rs\/hun\/wp-content\/uploads\/2017\/01\/Parkolas-450x326.jpg 450w, https:\/\/tg.edu.rs\/hun\/wp-content\/uploads\/2017\/01\/Parkolas-600x435.jpg 600w, https:\/\/tg.edu.rs\/hun\/wp-content\/uploads\/2017\/01\/Parkolas-900x652.jpg 900w\" sizes=\"(max-width: 983px) 100vw, 983px\" \/><\/a><\/p>\n<p>A k\u00f6vetkez\u0151 k\u00e9pen, a Gimn\u00e1zium \u00e9s a Di\u00e1kotthon k\u00f6z\u00f6tti \u00fatvonal l\u00e1that\u00f3. Pirossal a gyalogos, k\u00e9kkel az aut\u00f3s van felt\u00fcntetve.<\/p>\n<p><a href=\"https:\/\/tg.edu.rs\/hun\/wp-content\/uploads\/2017\/01\/Utvonal.jpg\"><img loading=\"lazy\" class=\"aligncenter size-full wp-image-13764\" src=\"https:\/\/tg.edu.rs\/hun\/wp-content\/uploads\/2017\/01\/Utvonal.jpg\" alt=\"\" width=\"900\" height=\"512\" srcset=\"https:\/\/tg.edu.rs\/hun\/wp-content\/uploads\/2017\/01\/Utvonal.jpg 900w, https:\/\/tg.edu.rs\/hun\/wp-content\/uploads\/2017\/01\/Utvonal-480x273.jpg 480w, https:\/\/tg.edu.rs\/hun\/wp-content\/uploads\/2017\/01\/Utvonal-250x142.jpg 250w, https:\/\/tg.edu.rs\/hun\/wp-content\/uploads\/2017\/01\/Utvonal-300x171.jpg 300w, https:\/\/tg.edu.rs\/hun\/wp-content\/uploads\/2017\/01\/Utvonal-100x57.jpg 100w, https:\/\/tg.edu.rs\/hun\/wp-content\/uploads\/2017\/01\/Utvonal-150x85.jpg 150w, https:\/\/tg.edu.rs\/hun\/wp-content\/uploads\/2017\/01\/Utvonal-200x114.jpg 200w, https:\/\/tg.edu.rs\/hun\/wp-content\/uploads\/2017\/01\/Utvonal-450x256.jpg 450w, https:\/\/tg.edu.rs\/hun\/wp-content\/uploads\/2017\/01\/Utvonal-600x341.jpg 600w\" sizes=\"(max-width: 900px) 100vw, 900px\" \/><\/a><br \/>\n<hr class=\"symple-divider solid \" style=\"margin-top: 20px;margin-bottom: 20px;\" \/>\n","protected":false},"excerpt":{"rendered":"<p>FELV\u00c9TELI FELK\u00c9SZ\u00cdT\u0150 2017 Id\u00e9n k\u00e9t r\u00e9szben tartjuk a felv\u00e9teli felk\u00e9sz\u00edt\u0151nket: el\u0151sz\u00f6r \u00e1prilis elej\u00e9n, majd \u00e1prilis v\u00e9g\u00e9n is v\u00e1rjuk a nyelvi tagozatunkra felv\u00e9telizni sz\u00e1nd\u00e9koz\u00f3 nyolcadikosokat. A felk\u00e9sz\u00edt\u0151 p\u00e9ntek d\u00e9lut\u00e1nt\u00f3l vas\u00e1rnap d\u00e9lut\u00e1nig fog tartani. FELV\u00c9TELI VIZSGA (a r\u00e9szleteket l\u00e1sd al\u00e1bb!) 1. Nyelvi<span class=\"ellipsis\">&hellip;<\/span><\/p>\n<div class=\"read-more\"><a href=\"https:\/\/tg.edu.rs\/hun\/friss-felveteli-es-beiratkozasi-informaciok\/\">Tov\u00e1bb \u203a<\/a><\/div>\n<p><!-- end of .read-more --><\/p>\n","protected":false},"author":1,"featured_media":12915,"comment_status":"open","ping_status":"open","sticky":false,"template":"","format":"standard","meta":{"_mi_skip_tracking":false},"categories":[206,5],"tags":[233,42,114,53,129,58,73],"aioseo_notices":[],"_links":{"self":[{"href":"https:\/\/tg.edu.rs\/hun\/wp-json\/wp\/v2\/posts\/13756"}],"collection":[{"href":"https:\/\/tg.edu.rs\/hun\/wp-json\/wp\/v2\/posts"}],"about":[{"href":"https:\/\/tg.edu.rs\/hun\/wp-json\/wp\/v2\/types\/post"}],"author":[{"embeddable":true,"href":"https:\/\/tg.edu.rs\/hun\/wp-json\/wp\/v2\/users\/1"}],"replies":[{"embeddable":true,"href":"https:\/\/tg.edu.rs\/hun\/wp-json\/wp\/v2\/comments?post=13756"}],"version-history":[{"count":37,"href":"https:\/\/tg.edu.rs\/hun\/wp-json\/wp\/v2\/posts\/13756\/revisions"}],"predecessor-version":[{"id":14620,"href":"https:\/\/tg.edu.rs\/hun\/wp-json\/wp\/v2\/posts\/13756\/revisions\/14620"}],"wp:featuredmedia":[{"embeddable":true,"href":"https:\/\/tg.edu.rs\/hun\/wp-json\/wp\/v2\/media\/12915"}],"wp:attachment":[{"href":"https:\/\/tg.edu.rs\/hun\/wp-json\/wp\/v2\/media?parent=13756"}],"wp:term":[{"taxonomy":"category","embeddable":true,"href":"https:\/\/tg.edu.rs\/hun\/wp-json\/wp\/v2\/categories?post=13756"},{"taxonomy":"post_tag","embeddable":true,"href":"https:\/\/tg.edu.rs\/hun\/wp-json\/wp\/v2\/tags?post=13756"}],"curies":[{"name":"wp","href":"https:\/\/api.w.org\/{rel}","templated":true}]}}