{"id":13751,"date":"2017-01-08T14:19:16","date_gmt":"2017-01-08T13:19:16","guid":{"rendered":"http:\/\/tg.edu.rs\/hun\/?p=13751"},"modified":"2017-01-13T14:30:40","modified_gmt":"2017-01-13T13:30:40","slug":"interju-kanyo-ervin-rajztanarral","status":"publish","type":"post","link":"https:\/\/tg.edu.rs\/hun\/interju-kanyo-ervin-rajztanarral\/","title":{"rendered":"Interj\u00fa Kany\u00f3 Ervin rajztan\u00e1rral"},"content":{"rendered":"<p>Id\u00e9zet a H\u00e9t Napban megjelent interj\u00fab\u00f3l:<\/p>\n<p>&#8220;Kany\u00f3 Ervin grafikus, Dr. Bodrogv\u00e1ri Ferenc-d\u00edjas k\u00e9pz\u0151m\u0171v\u00e9sz, a Kosztol\u00e1nyi Dezs\u0151 Tehets\u00e9ggondoz\u00f3 Gimn\u00e1zium rajztan\u00e1ra. Szabadk\u00e1n, a Klein house gal\u00e9ri\u00e1ban <em>A v\u00e9g \u00fajrat\u00f6ltve<\/em> c\u00edmmel megny\u00edlt ki\u00e1ll\u00edt\u00e1sa kapcs\u00e1n k\u00e9peinek k\u00f6zponti mot\u00edvumair\u00f3l, mes\u00e9l\u0151 h\u00e1zakr\u00f3l besz\u00e9lgett\u00fcnk, s azokr\u00f3l az asszoci\u00e1ci\u00f3s lehet\u0151s\u00e9gekr\u0151l, amelyeket ez a t\u00e9ma mag\u00e1ban foglal.&#8221;<\/p>\n<p><a href=\"http:\/\/hetnap.rs\/cikk\/%E2%80%9EMintha-egy-szemetdombon-kapirgalnek-kincseket-keresve%E2%80%9D-23830.html#.WHXQZsk5kyI.facebook\" target=\"_blank\">Itt olvashat\u00f3 el az interj\u00fa teljes terjedelm\u00e9ben.<\/a><\/p>\n<p><a href=\"https:\/\/tg.edu.rs\/hun\/wp-content\/uploads\/2017\/01\/Kanyo2017.jpg\"><img loading=\"lazy\" class=\"aligncenter size-full wp-image-13752\" src=\"https:\/\/tg.edu.rs\/hun\/wp-content\/uploads\/2017\/01\/Kanyo2017.jpg\" alt=\"\" width=\"720\" height=\"498\" srcset=\"https:\/\/tg.edu.rs\/hun\/wp-content\/uploads\/2017\/01\/Kanyo2017.jpg 720w, https:\/\/tg.edu.rs\/hun\/wp-content\/uploads\/2017\/01\/Kanyo2017-480x332.jpg 480w, https:\/\/tg.edu.rs\/hun\/wp-content\/uploads\/2017\/01\/Kanyo2017-250x173.jpg 250w, https:\/\/tg.edu.rs\/hun\/wp-content\/uploads\/2017\/01\/Kanyo2017-300x208.jpg 300w, https:\/\/tg.edu.rs\/hun\/wp-content\/uploads\/2017\/01\/Kanyo2017-100x69.jpg 100w, https:\/\/tg.edu.rs\/hun\/wp-content\/uploads\/2017\/01\/Kanyo2017-150x104.jpg 150w, https:\/\/tg.edu.rs\/hun\/wp-content\/uploads\/2017\/01\/Kanyo2017-200x138.jpg 200w, https:\/\/tg.edu.rs\/hun\/wp-content\/uploads\/2017\/01\/Kanyo2017-450x311.jpg 450w, https:\/\/tg.edu.rs\/hun\/wp-content\/uploads\/2017\/01\/Kanyo2017-600x415.jpg 600w\" sizes=\"(max-width: 720px) 100vw, 720px\" \/><\/a><\/p>\n<p><a href=\"http:\/\/hetnap.rs\/cikk\/%E2%80%9EMintha-egy-szemetdombon-kapirgalnek-kincseket-keresve%E2%80%9D-23830.html#.WHXQZsk5kyI.facebook\" target=\"_blank\">Forr\u00e1s<\/a><\/p>\n<p>&nbsp;<\/p>\n","protected":false},"excerpt":{"rendered":"<p>Id\u00e9zet a H\u00e9t Napban megjelent interj\u00fab\u00f3l: &#8220;Kany\u00f3 Ervin grafikus, Dr. Bodrogv\u00e1ri Ferenc-d\u00edjas k\u00e9pz\u0151m\u0171v\u00e9sz, a Kosztol\u00e1nyi Dezs\u0151 Tehets\u00e9ggondoz\u00f3 Gimn\u00e1zium rajztan\u00e1ra. Szabadk\u00e1n, a Klein house gal\u00e9ri\u00e1ban A v\u00e9g \u00fajrat\u00f6ltve c\u00edmmel megny\u00edlt ki\u00e1ll\u00edt\u00e1sa kapcs\u00e1n k\u00e9peinek k\u00f6zponti mot\u00edvumair\u00f3l, mes\u00e9l\u0151 h\u00e1zakr\u00f3l besz\u00e9lgett\u00fcnk, s azokr\u00f3l az<span class=\"ellipsis\">&hellip;<\/span><\/p>\n<div class=\"read-more\"><a href=\"https:\/\/tg.edu.rs\/hun\/interju-kanyo-ervin-rajztanarral\/\">Tov\u00e1bb \u203a<\/a><\/div>\n<p><!-- end of .read-more --><\/p>\n","protected":false},"author":1,"featured_media":13752,"comment_status":"open","ping_status":"open","sticky":false,"template":"","format":"standard","meta":{"_mi_skip_tracking":false},"categories":[206,5],"tags":[233,235,234],"aioseo_notices":[],"_links":{"self":[{"href":"https:\/\/tg.edu.rs\/hun\/wp-json\/wp\/v2\/posts\/13751"}],"collection":[{"href":"https:\/\/tg.edu.rs\/hun\/wp-json\/wp\/v2\/posts"}],"about":[{"href":"https:\/\/tg.edu.rs\/hun\/wp-json\/wp\/v2\/types\/post"}],"author":[{"embeddable":true,"href":"https:\/\/tg.edu.rs\/hun\/wp-json\/wp\/v2\/users\/1"}],"replies":[{"embeddable":true,"href":"https:\/\/tg.edu.rs\/hun\/wp-json\/wp\/v2\/comments?post=13751"}],"version-history":[{"count":2,"href":"https:\/\/tg.edu.rs\/hun\/wp-json\/wp\/v2\/posts\/13751\/revisions"}],"predecessor-version":[{"id":13754,"href":"https:\/\/tg.edu.rs\/hun\/wp-json\/wp\/v2\/posts\/13751\/revisions\/13754"}],"wp:featuredmedia":[{"embeddable":true,"href":"https:\/\/tg.edu.rs\/hun\/wp-json\/wp\/v2\/media\/13752"}],"wp:attachment":[{"href":"https:\/\/tg.edu.rs\/hun\/wp-json\/wp\/v2\/media?parent=13751"}],"wp:term":[{"taxonomy":"category","embeddable":true,"href":"https:\/\/tg.edu.rs\/hun\/wp-json\/wp\/v2\/categories?post=13751"},{"taxonomy":"post_tag","embeddable":true,"href":"https:\/\/tg.edu.rs\/hun\/wp-json\/wp\/v2\/tags?post=13751"}],"curies":[{"name":"wp","href":"https:\/\/api.w.org\/{rel}","templated":true}]}}