{"id":13518,"date":"2016-10-28T17:04:36","date_gmt":"2016-10-28T15:04:36","guid":{"rendered":"http:\/\/tg.edu.rs\/hun\/?p=13518"},"modified":"2017-01-13T14:17:12","modified_gmt":"2017-01-13T13:17:12","slug":"latogatas-az-ujvideki-egyetemeken","status":"publish","type":"post","link":"https:\/\/tg.edu.rs\/hun\/latogatas-az-ujvideki-egyetemeken\/","title":{"rendered":"L\u00e1togat\u00e1s az \u00fajvid\u00e9ki egyetemeken"},"content":{"rendered":"<p>Negyedikeseink a Svetozar Markovi\u0107 gimn\u00e1zium v\u00e9gz\u0151s tanul\u00f3ival k\u00f6z\u00f6sen \u00dajvid\u00e9kre l\u00e1togattak az MNT szervez\u00e9s\u00e9ben, hogy megn\u00e9zz\u00e9k az egyetemi v\u00e1rost, azt az egyetemet, amelyikre jelentkezni szeretn\u00e9nek, valamint az Eur\u00f3pa Koll\u00e9giumot.<\/p>\n<p><a href=\"https:\/\/tg.edu.rs\/hun\/wp-content\/uploads\/2016\/10\/Ujvidek2016.jpg\"><img loading=\"lazy\" class=\"aligncenter size-full wp-image-13748\" src=\"https:\/\/tg.edu.rs\/hun\/wp-content\/uploads\/2016\/10\/Ujvidek2016.jpg\" alt=\"\" width=\"720\" height=\"442\" srcset=\"https:\/\/tg.edu.rs\/hun\/wp-content\/uploads\/2016\/10\/Ujvidek2016.jpg 720w, https:\/\/tg.edu.rs\/hun\/wp-content\/uploads\/2016\/10\/Ujvidek2016-480x295.jpg 480w, https:\/\/tg.edu.rs\/hun\/wp-content\/uploads\/2016\/10\/Ujvidek2016-250x153.jpg 250w, https:\/\/tg.edu.rs\/hun\/wp-content\/uploads\/2016\/10\/Ujvidek2016-300x184.jpg 300w, https:\/\/tg.edu.rs\/hun\/wp-content\/uploads\/2016\/10\/Ujvidek2016-100x61.jpg 100w, https:\/\/tg.edu.rs\/hun\/wp-content\/uploads\/2016\/10\/Ujvidek2016-150x92.jpg 150w, https:\/\/tg.edu.rs\/hun\/wp-content\/uploads\/2016\/10\/Ujvidek2016-200x123.jpg 200w, https:\/\/tg.edu.rs\/hun\/wp-content\/uploads\/2016\/10\/Ujvidek2016-450x276.jpg 450w, https:\/\/tg.edu.rs\/hun\/wp-content\/uploads\/2016\/10\/Ujvidek2016-600x368.jpg 600w\" sizes=\"(max-width: 720px) 100vw, 720px\" \/><\/a><a href=\"http:\/\/oktatas.mnt.org.rs\/content\/szabadkai-erettsegizo-gimnazistak-latogatasa-ujvidekre\" target=\"_blank\">Forr\u00e1s<\/a><\/p>\n","protected":false},"excerpt":{"rendered":"<p>Negyedikeseink a Svetozar Markovi\u0107 gimn\u00e1zium v\u00e9gz\u0151s tanul\u00f3ival k\u00f6z\u00f6sen \u00dajvid\u00e9kre l\u00e1togattak az MNT szervez\u00e9s\u00e9ben, hogy megn\u00e9zz\u00e9k az egyetemi v\u00e1rost, azt az egyetemet, amelyikre jelentkezni szeretn\u00e9nek, valamint az Eur\u00f3pa Koll\u00e9giumot. Forr\u00e1s<\/p>\n","protected":false},"author":1,"featured_media":13748,"comment_status":"open","ping_status":"open","sticky":false,"template":"","format":"standard","meta":{"_mi_skip_tracking":false},"categories":[206,5],"tags":[56,95,213],"aioseo_notices":[],"_links":{"self":[{"href":"https:\/\/tg.edu.rs\/hun\/wp-json\/wp\/v2\/posts\/13518"}],"collection":[{"href":"https:\/\/tg.edu.rs\/hun\/wp-json\/wp\/v2\/posts"}],"about":[{"href":"https:\/\/tg.edu.rs\/hun\/wp-json\/wp\/v2\/types\/post"}],"author":[{"embeddable":true,"href":"https:\/\/tg.edu.rs\/hun\/wp-json\/wp\/v2\/users\/1"}],"replies":[{"embeddable":true,"href":"https:\/\/tg.edu.rs\/hun\/wp-json\/wp\/v2\/comments?post=13518"}],"version-history":[{"count":3,"href":"https:\/\/tg.edu.rs\/hun\/wp-json\/wp\/v2\/posts\/13518\/revisions"}],"predecessor-version":[{"id":13750,"href":"https:\/\/tg.edu.rs\/hun\/wp-json\/wp\/v2\/posts\/13518\/revisions\/13750"}],"wp:featuredmedia":[{"embeddable":true,"href":"https:\/\/tg.edu.rs\/hun\/wp-json\/wp\/v2\/media\/13748"}],"wp:attachment":[{"href":"https:\/\/tg.edu.rs\/hun\/wp-json\/wp\/v2\/media?parent=13518"}],"wp:term":[{"taxonomy":"category","embeddable":true,"href":"https:\/\/tg.edu.rs\/hun\/wp-json\/wp\/v2\/categories?post=13518"},{"taxonomy":"post_tag","embeddable":true,"href":"https:\/\/tg.edu.rs\/hun\/wp-json\/wp\/v2\/tags?post=13518"}],"curies":[{"name":"wp","href":"https:\/\/api.w.org\/{rel}","templated":true}]}}