{"id":13207,"date":"2016-05-07T10:08:44","date_gmt":"2016-05-07T08:08:44","guid":{"rendered":"http:\/\/tg.edu.rs\/hun\/?p=13207"},"modified":"2016-05-31T10:11:40","modified_gmt":"2016-05-31T08:11:40","slug":"elso-hely-a-gion-nandor-olvasasi-versenyen","status":"publish","type":"post","link":"https:\/\/tg.edu.rs\/hun\/elso-hely-a-gion-nandor-olvasasi-versenyen\/","title":{"rendered":"Els\u0151 hely a Gion N\u00e1ndor Olvas\u00e1si Versenyen"},"content":{"rendered":"<p>A 2016-os Gion N\u00e1ndor Olvas\u00e1si Versenyen, amelyet az \u00fajvid\u00e9ki Ap\u00e1czai Di\u00e1kotthonban tartottak els\u0151 helyez\u00e9st \u00e9rtek el iskol\u00e1nk di\u00e1kjai: <strong>Lipt\u00e1k Ramona, Mad\u00e1r R\u00e9ka \u00e9s T\u00f3th Laura. <\/strong>Az els\u0151 helyezettek j\u00faliusban Erd\u00e9lybe mehetnek t\u00e1borba, ezenk\u00edv\u00fcl minden r\u00e9sztvev\u0151t megh\u00edvtak a j\u00falius v\u00e9g\u00e9re tervezett Gion N\u00e1ndor Olvas\u00e1si T\u00e1borba, \u00dajvid\u00e9kre, az Ap\u00e1czai Di\u00e1kotthonba.<\/p>\n<p>Az esem\u00e9ny szervez\u0151je a Vajdas\u00e1gi Magyar Pedag\u00f3gusok Egyes\u00fclete volt.<\/p>\n<p><a href=\"https:\/\/tg.edu.rs\/hun\/wp-content\/uploads\/2013\/02\/verseny-7.jpg\"><img loading=\"lazy\" class=\"aligncenter size-full wp-image-4365\" src=\"https:\/\/tg.edu.rs\/hun\/wp-content\/uploads\/2013\/02\/verseny-7.jpg\" alt=\"verseny-7\" width=\"640\" height=\"374\" srcset=\"https:\/\/tg.edu.rs\/hun\/wp-content\/uploads\/2013\/02\/verseny-7.jpg 640w, https:\/\/tg.edu.rs\/hun\/wp-content\/uploads\/2013\/02\/verseny-7-480x280.jpg 480w, https:\/\/tg.edu.rs\/hun\/wp-content\/uploads\/2013\/02\/verseny-7-250x146.jpg 250w\" sizes=\"(max-width: 640px) 100vw, 640px\" \/><\/a><\/p>\n","protected":false},"excerpt":{"rendered":"<p>A 2016-os Gion N\u00e1ndor Olvas\u00e1si Versenyen, amelyet az \u00fajvid\u00e9ki Ap\u00e1czai Di\u00e1kotthonban tartottak els\u0151 helyez\u00e9st \u00e9rtek el iskol\u00e1nk di\u00e1kjai: Lipt\u00e1k Ramona, Mad\u00e1r R\u00e9ka \u00e9s T\u00f3th Laura. Az els\u0151 helyezettek j\u00faliusban Erd\u00e9lybe mehetnek t\u00e1borba, ezenk\u00edv\u00fcl minden r\u00e9sztvev\u0151t megh\u00edvtak a j\u00falius v\u00e9g\u00e9re tervezett<span class=\"ellipsis\">&hellip;<\/span><\/p>\n<div class=\"read-more\"><a href=\"https:\/\/tg.edu.rs\/hun\/elso-hely-a-gion-nandor-olvasasi-versenyen\/\">Tov\u00e1bb \u203a<\/a><\/div>\n<p><!-- end of .read-more --><\/p>\n","protected":false},"author":1,"featured_media":4365,"comment_status":"open","ping_status":"open","sticky":false,"template":"","format":"standard","meta":{"_mi_skip_tracking":false},"categories":[155,5],"tags":[171,50,197,56,77],"aioseo_notices":[],"_links":{"self":[{"href":"https:\/\/tg.edu.rs\/hun\/wp-json\/wp\/v2\/posts\/13207"}],"collection":[{"href":"https:\/\/tg.edu.rs\/hun\/wp-json\/wp\/v2\/posts"}],"about":[{"href":"https:\/\/tg.edu.rs\/hun\/wp-json\/wp\/v2\/types\/post"}],"author":[{"embeddable":true,"href":"https:\/\/tg.edu.rs\/hun\/wp-json\/wp\/v2\/users\/1"}],"replies":[{"embeddable":true,"href":"https:\/\/tg.edu.rs\/hun\/wp-json\/wp\/v2\/comments?post=13207"}],"version-history":[{"count":1,"href":"https:\/\/tg.edu.rs\/hun\/wp-json\/wp\/v2\/posts\/13207\/revisions"}],"predecessor-version":[{"id":13208,"href":"https:\/\/tg.edu.rs\/hun\/wp-json\/wp\/v2\/posts\/13207\/revisions\/13208"}],"wp:featuredmedia":[{"embeddable":true,"href":"https:\/\/tg.edu.rs\/hun\/wp-json\/wp\/v2\/media\/4365"}],"wp:attachment":[{"href":"https:\/\/tg.edu.rs\/hun\/wp-json\/wp\/v2\/media?parent=13207"}],"wp:term":[{"taxonomy":"category","embeddable":true,"href":"https:\/\/tg.edu.rs\/hun\/wp-json\/wp\/v2\/categories?post=13207"},{"taxonomy":"post_tag","embeddable":true,"href":"https:\/\/tg.edu.rs\/hun\/wp-json\/wp\/v2\/tags?post=13207"}],"curies":[{"name":"wp","href":"https:\/\/api.w.org\/{rel}","templated":true}]}}