{"id":12932,"date":"2016-04-07T15:54:22","date_gmt":"2016-04-07T13:54:22","guid":{"rendered":"http:\/\/tg.edu.rs\/hun\/?p=12932"},"modified":"2016-04-11T16:00:15","modified_gmt":"2016-04-11T14:00:15","slug":"barath-attila-es-a-videoszakkor-2-0","status":"publish","type":"post","link":"https:\/\/tg.edu.rs\/hun\/barath-attila-es-a-videoszakkor-2-0\/","title":{"rendered":"Bar\u00e1th Attila \u00e9s a vide\u00f3szakk\u00f6r 2.0"},"content":{"rendered":"<p>&#8220;A Kosztol\u00e1nyi Dezs\u0151 Gimn\u00e1zium egykori di\u00e1kja nem csak arr\u00f3l ismert, hogy a N\u00e9psz\u00ednh\u00e1z Magyar T\u00e1rsulat\u00e1nak egyik energikus \u00e9s fiatal sz\u00edn\u00e9sze. Bar\u00e1th Attila kiv\u00e1l\u00f3an fot\u00f3z, v\u00e1g, forgat, \u00e9s minden ilyen jelleg\u0171 tud\u00e1s\u00e1t sz\u00edvesen megosztja a fiatalabb gimnazist\u00e1kkal. A vide\u00f3szakk\u00f6r c\u00e9lja, hogy a di\u00e1kok elsaj\u00e1t\u00edts\u00e1k a filmk\u00e9sz\u00edt\u00e9s alapjait \u00e9s tr\u00fckkjeit.&#8221; \u00cdgy kezd\u0151dik a K\u00e9pes Ifj\u00fas\u00e1g cikke.<\/p>\n<p>A teljes cikket itt olvashatj\u00e1tok el: <a href=\"http:\/\/www.kepesifi.com\/hu\/1057\/tarka\/1146\/Filmk%C3%A9sz%C3%ADt%C3%A9s-Bar%C3%A1th-Attila-nyomdokaiban.htm#prettyPhoto\" target=\"_blank\">Filmk\u00e9sz\u00edt\u00e9s Bar\u00e1th Attila nyomdokaiban<\/a><\/p>\n<p><a href=\"https:\/\/tg.edu.rs\/hun\/wp-content\/uploads\/2016\/04\/kepes-ifi.jpg\" rel=\"attachment wp-att-12933\"><img loading=\"lazy\" class=\"aligncenter size-full wp-image-12933\" src=\"https:\/\/tg.edu.rs\/hun\/wp-content\/uploads\/2016\/04\/kepes-ifi.jpg\" alt=\"kepes ifi\" width=\"660\" height=\"537\" srcset=\"https:\/\/tg.edu.rs\/hun\/wp-content\/uploads\/2016\/04\/kepes-ifi.jpg 660w, https:\/\/tg.edu.rs\/hun\/wp-content\/uploads\/2016\/04\/kepes-ifi-480x391.jpg 480w, https:\/\/tg.edu.rs\/hun\/wp-content\/uploads\/2016\/04\/kepes-ifi-250x203.jpg 250w, https:\/\/tg.edu.rs\/hun\/wp-content\/uploads\/2016\/04\/kepes-ifi-300x244.jpg 300w\" sizes=\"(max-width: 660px) 100vw, 660px\" \/><\/a><\/p>\n","protected":false},"excerpt":{"rendered":"<p>&#8220;A Kosztol\u00e1nyi Dezs\u0151 Gimn\u00e1zium egykori di\u00e1kja nem csak arr\u00f3l ismert, hogy a N\u00e9psz\u00ednh\u00e1z Magyar T\u00e1rsulat\u00e1nak egyik energikus \u00e9s fiatal sz\u00edn\u00e9sze. Bar\u00e1th Attila kiv\u00e1l\u00f3an fot\u00f3z, v\u00e1g, forgat, \u00e9s minden ilyen jelleg\u0171 tud\u00e1s\u00e1t sz\u00edvesen megosztja a fiatalabb gimnazist\u00e1kkal. A vide\u00f3szakk\u00f6r c\u00e9lja, hogy<span class=\"ellipsis\">&hellip;<\/span><\/p>\n<div class=\"read-more\"><a href=\"https:\/\/tg.edu.rs\/hun\/barath-attila-es-a-videoszakkor-2-0\/\">Tov\u00e1bb \u203a<\/a><\/div>\n<p><!-- end of .read-more --><\/p>\n","protected":false},"author":1,"featured_media":12933,"comment_status":"open","ping_status":"open","sticky":false,"template":"","format":"standard","meta":{"_mi_skip_tracking":false},"categories":[155,5],"tags":[171,187,161,78],"aioseo_notices":[],"_links":{"self":[{"href":"https:\/\/tg.edu.rs\/hun\/wp-json\/wp\/v2\/posts\/12932"}],"collection":[{"href":"https:\/\/tg.edu.rs\/hun\/wp-json\/wp\/v2\/posts"}],"about":[{"href":"https:\/\/tg.edu.rs\/hun\/wp-json\/wp\/v2\/types\/post"}],"author":[{"embeddable":true,"href":"https:\/\/tg.edu.rs\/hun\/wp-json\/wp\/v2\/users\/1"}],"replies":[{"embeddable":true,"href":"https:\/\/tg.edu.rs\/hun\/wp-json\/wp\/v2\/comments?post=12932"}],"version-history":[{"count":1,"href":"https:\/\/tg.edu.rs\/hun\/wp-json\/wp\/v2\/posts\/12932\/revisions"}],"predecessor-version":[{"id":12934,"href":"https:\/\/tg.edu.rs\/hun\/wp-json\/wp\/v2\/posts\/12932\/revisions\/12934"}],"wp:featuredmedia":[{"embeddable":true,"href":"https:\/\/tg.edu.rs\/hun\/wp-json\/wp\/v2\/media\/12933"}],"wp:attachment":[{"href":"https:\/\/tg.edu.rs\/hun\/wp-json\/wp\/v2\/media?parent=12932"}],"wp:term":[{"taxonomy":"category","embeddable":true,"href":"https:\/\/tg.edu.rs\/hun\/wp-json\/wp\/v2\/categories?post=12932"},{"taxonomy":"post_tag","embeddable":true,"href":"https:\/\/tg.edu.rs\/hun\/wp-json\/wp\/v2\/tags?post=12932"}],"curies":[{"name":"wp","href":"https:\/\/api.w.org\/{rel}","templated":true}]}}