{"id":11771,"date":"2015-05-10T08:01:50","date_gmt":"2015-05-10T06:01:50","guid":{"rendered":"http:\/\/tg.edu.rs\/hun\/?p=11771"},"modified":"2015-05-29T10:23:00","modified_gmt":"2015-05-29T08:23:00","slug":"papp-katalin-versei-2","status":"publish","type":"post","link":"https:\/\/tg.edu.rs\/hun\/papp-katalin-versei-2\/","title":{"rendered":"Papp Katalin versei"},"content":{"rendered":"<p><strong>K\u00e1rp\u00e1t-medencei K\u00f6z\u00e9piskol\u00e1s Irodalmi\u00a0Fesztiv\u00e1l, S\u00e1rv\u00e1r 2015 \u2013 bronz min\u0151s\u00edt\u00e9s<\/strong><\/p>\n<p><strong>PAPP KATALIN VERSEI<\/strong><\/p>\n<p><strong>Drumm\u00f3 Gerg<\/strong><strong>\u0151<\/strong><\/p>\n<p>Csontig ler\u00e1gott<br \/>\nGuber\u00e1lt \u00e1lmokb\u00f3l \u00f6sszet\u00e1kolt<br \/>\n\u00c1gyon fekszem<br \/>\nH\u00f3feh\u00e9ren kifesz\u00edtett leped\u0151<br \/>\nA v\u00e1sznam<br \/>\nSz\u00f6ggel t\u00f6lt\u00f6tt kisp\u00e1rn\u00e1ra<br \/>\nHajtom fejem<br \/>\nS rem\u00e9nykedem<br \/>\nMindhi\u00e1ba<br \/>\nMindig tudtam:<br \/>\nL\u00e9tezel<br \/>\nL\u00e1ttalak a f\u00e1n \u00fcl\u0151<br \/>\nS\u00f6t\u00e9t d\u00e9monokban<br \/>\nHallottam<br \/>\nHogy suttogsz hozz\u00e1m<br \/>\nA k\u00f6d\u00f6s sz\u00e1nt\u00f3f\u00f6ld<br \/>\nSz\u00e9l\u00e9r\u0151l b\u0151g\u0151<br \/>\nSzarvasbikak\u00e9nt<br \/>\n\u00c9reztelek<br \/>\nMikor d\u00e9lut\u00e1nonk\u00e9nt<br \/>\n\u00c1t\u00f6lelt az erd\u0151<br \/>\nM\u00e9z illata<br \/>\nOtt volt\u00e1l<br \/>\nOtt tany\u00e1zt\u00e1l<br \/>\nA szemh\u00e9jam alatt<br \/>\n\u00c9jjelente<br \/>\nVigy\u00e1ztad az \u00e1lmaim<br \/>\nCsak k\u00e1r<br \/>\nHogy nincs matracom<br \/>\nT\u00e9nyleg l\u00e9tezel<br \/>\nDe mivel m\u00e1r ismerlek<br \/>\nB\u00fajdosol<br \/>\nFelk\u00f6lt\u00f6zt\u00e9l a kakas\u00fcl\u0151be<br \/>\nOda<br \/>\nAhol nem lakhat \u00e9l\u0151 ember<br \/>\nIgaz<br \/>\nTe \u00f6rd\u00f6g vagy<\/p>\n<p><strong>Szerelmi vers: <\/strong><strong>\u0151sz<\/strong><br \/>\n<em>Egy ismeretlenhez<\/em><\/p>\n<p>Ma nem szabadna sehova se menni<br \/>\nFi\u00f3kokba k\u00e9ne rejteni a k\u00f6nyveket<br \/>\nBef\u0171teni a szob\u00e1t<br \/>\nEl\u0151venni a dunn\u00e1kat<br \/>\nAl\u00e1juk b\u00fajni<br \/>\nAz ablakokat sem szabadna kinyitni<br \/>\nNehogy a f\u00e9ny<br \/>\nBeleharapjon a melegbe<br \/>\nA hom\u00e1lyba<br \/>\nBel\u00e9nk<br \/>\nMegsz\u00f3lalni se szabadna<br \/>\nCsak l\u00e9legezni<br \/>\nCs\u00f3kolni egym\u00e1s kez\u00e9t<br \/>\nMert a cs\u00f6nd legal\u00e1bb<br \/>\nNem hazudik<br \/>\nPont mint az \u00e1lmainkban<br \/>\nMikor leveg\u0151t vesz\u00fcnk<br \/>\nA v\u00edz alatt<br \/>\nSzeretni k\u00e9ne<br \/>\nMert a szerelem titkos<br \/>\nA titok m\u00e9ly<\/p>\n<p><strong>M\u00e1r nincs menekv\u00e9s<\/strong><\/p>\n<p>Biztos vagyok benne<br \/>\nHogy hamarosan<br \/>\nElj\u00f6n a vil\u00e1gv\u00e9ge<br \/>\nMa a mami sz\u00e9tf\u0151zte a rizst<\/p>\n","protected":false},"excerpt":{"rendered":"<p>K\u00e1rp\u00e1t-medencei K\u00f6z\u00e9piskol\u00e1s Irodalmi\u00a0Fesztiv\u00e1l, S\u00e1rv\u00e1r 2015 \u2013 bronz min\u0151s\u00edt\u00e9s PAPP KATALIN VERSEI Drumm\u00f3 Gerg\u0151 Csontig ler\u00e1gott Guber\u00e1lt \u00e1lmokb\u00f3l \u00f6sszet\u00e1kolt \u00c1gyon fekszem H\u00f3feh\u00e9ren kifesz\u00edtett leped\u0151 A v\u00e1sznam Sz\u00f6ggel t\u00f6lt\u00f6tt kisp\u00e1rn\u00e1ra Hajtom fejem S rem\u00e9nykedem Mindhi\u00e1ba Mindig tudtam: L\u00e9tezel L\u00e1ttalak a f\u00e1n \u00fcl\u0151<span class=\"ellipsis\">&hellip;<\/span><\/p>\n<div class=\"read-more\"><a href=\"https:\/\/tg.edu.rs\/hun\/papp-katalin-versei-2\/\">Tov\u00e1bb \u203a<\/a><\/div>\n<p><!-- end of .read-more --><\/p>\n","protected":false},"author":1,"featured_media":10589,"comment_status":"open","ping_status":"open","sticky":false,"template":"","format":"standard","meta":{"_mi_skip_tracking":false},"categories":[146,128],"tags":[137,147,50],"aioseo_notices":[],"_links":{"self":[{"href":"https:\/\/tg.edu.rs\/hun\/wp-json\/wp\/v2\/posts\/11771"}],"collection":[{"href":"https:\/\/tg.edu.rs\/hun\/wp-json\/wp\/v2\/posts"}],"about":[{"href":"https:\/\/tg.edu.rs\/hun\/wp-json\/wp\/v2\/types\/post"}],"author":[{"embeddable":true,"href":"https:\/\/tg.edu.rs\/hun\/wp-json\/wp\/v2\/users\/1"}],"replies":[{"embeddable":true,"href":"https:\/\/tg.edu.rs\/hun\/wp-json\/wp\/v2\/comments?post=11771"}],"version-history":[{"count":3,"href":"https:\/\/tg.edu.rs\/hun\/wp-json\/wp\/v2\/posts\/11771\/revisions"}],"predecessor-version":[{"id":11774,"href":"https:\/\/tg.edu.rs\/hun\/wp-json\/wp\/v2\/posts\/11771\/revisions\/11774"}],"wp:featuredmedia":[{"embeddable":true,"href":"https:\/\/tg.edu.rs\/hun\/wp-json\/wp\/v2\/media\/10589"}],"wp:attachment":[{"href":"https:\/\/tg.edu.rs\/hun\/wp-json\/wp\/v2\/media?parent=11771"}],"wp:term":[{"taxonomy":"category","embeddable":true,"href":"https:\/\/tg.edu.rs\/hun\/wp-json\/wp\/v2\/categories?post=11771"},{"taxonomy":"post_tag","embeddable":true,"href":"https:\/\/tg.edu.rs\/hun\/wp-json\/wp\/v2\/tags?post=11771"}],"curies":[{"name":"wp","href":"https:\/\/api.w.org\/{rel}","templated":true}]}}