{"id":11553,"date":"2015-03-25T08:33:14","date_gmt":"2015-03-25T07:33:14","guid":{"rendered":"http:\/\/tg.edu.rs\/hun\/?p=11553"},"modified":"2015-03-27T08:43:54","modified_gmt":"2015-03-27T07:43:54","slug":"fustos-emma-tehetseg-dijas","status":"publish","type":"post","link":"https:\/\/tg.edu.rs\/hun\/fustos-emma-tehetseg-dijas\/","title":{"rendered":"F\u00fcst\u00f6s Emma Tehets\u00e9g-d\u00edjas"},"content":{"rendered":"<p>A Vajdas\u00e1gi Tehets\u00e9gseg\u00edt\u0151 Tan\u00e1cs id\u00e9n harmadik alkalommal osztotta ki a legtehets\u00e9gesebb di\u00e1koknak j\u00e1r\u00f3 Tehets\u00e9g-d\u00edjakat. 130 jel\u00f6lt k\u00f6z\u00fcl v\u00e1lasztott\u00e1k ki a legkiemelked\u0151bbet term\u00e9szet- \u00e9s t\u00e1rsadalomtudom\u00e1nyok, zene- \u00e9s k\u00e9pz\u0151m\u0171v\u00e9szet, valamint sport \u00e9s mozg\u00e1skult\u00fara kateg\u00f3ri\u00e1kban. D\u00edjat kapott k\u00e9pz\u0151m\u0171v\u00e9szet kateg\u00f3ri\u00e1ban v\u00e9gz\u0151s di\u00e1kunk, <strong>F\u00fcst\u00f6s Emma<\/strong>, aki rajzol\u00e1ssal \u00e9s r\u00e9zkarccal foglalkozik.<\/p>\n<p><a href=\"https:\/\/tg.edu.rs\/hun\/wp-content\/uploads\/2015\/03\/Fustos_Emma.jpg\"><img loading=\"lazy\" class=\"aligncenter size-full wp-image-11554\" src=\"https:\/\/tg.edu.rs\/hun\/wp-content\/uploads\/2015\/03\/Fustos_Emma.jpg\" alt=\"Fustos_Emma\" width=\"800\" height=\"502\" srcset=\"https:\/\/tg.edu.rs\/hun\/wp-content\/uploads\/2015\/03\/Fustos_Emma.jpg 800w, https:\/\/tg.edu.rs\/hun\/wp-content\/uploads\/2015\/03\/Fustos_Emma-480x301.jpg 480w, https:\/\/tg.edu.rs\/hun\/wp-content\/uploads\/2015\/03\/Fustos_Emma-250x157.jpg 250w, https:\/\/tg.edu.rs\/hun\/wp-content\/uploads\/2015\/03\/Fustos_Emma-300x188.jpg 300w\" sizes=\"(max-width: 800px) 100vw, 800px\" \/><\/a><\/p>\n<p>A d\u00edj\u00e1tad\u00f3n k\u00e9sz\u00fclt riportot megn\u00e9zhetitek itt:<br \/>\n<iframe loading=\"lazy\" src=\"https:\/\/www.youtube.com\/embed\/RMcA5zV31lo?rel=0&amp;showinfo=0\" width=\"640\" height=\"360\" frameborder=\"0\" allowfullscreen=\"allowfullscreen\"><\/iframe><\/p>\n","protected":false},"excerpt":{"rendered":"<p>A Vajdas\u00e1gi Tehets\u00e9gseg\u00edt\u0151 Tan\u00e1cs id\u00e9n harmadik alkalommal osztotta ki a legtehets\u00e9gesebb di\u00e1koknak j\u00e1r\u00f3 Tehets\u00e9g-d\u00edjakat. 130 jel\u00f6lt k\u00f6z\u00fcl v\u00e1lasztott\u00e1k ki a legkiemelked\u0151bbet term\u00e9szet- \u00e9s t\u00e1rsadalomtudom\u00e1nyok, zene- \u00e9s k\u00e9pz\u0151m\u0171v\u00e9szet, valamint sport \u00e9s mozg\u00e1skult\u00fara kateg\u00f3ri\u00e1kban. D\u00edjat kapott k\u00e9pz\u0151m\u0171v\u00e9szet kateg\u00f3ri\u00e1ban v\u00e9gz\u0151s di\u00e1kunk, F\u00fcst\u00f6s Emma,<span class=\"ellipsis\">&hellip;<\/span><\/p>\n<div class=\"read-more\"><a href=\"https:\/\/tg.edu.rs\/hun\/fustos-emma-tehetseg-dijas\/\">Tov\u00e1bb \u203a<\/a><\/div>\n<p><!-- end of .read-more --><\/p>\n","protected":false},"author":1,"featured_media":11554,"comment_status":"open","ping_status":"open","sticky":false,"template":"","format":"standard","meta":{"_mi_skip_tracking":false},"categories":[132,135,5,11],"tags":[137,56,108,78,79],"aioseo_notices":[],"_links":{"self":[{"href":"https:\/\/tg.edu.rs\/hun\/wp-json\/wp\/v2\/posts\/11553"}],"collection":[{"href":"https:\/\/tg.edu.rs\/hun\/wp-json\/wp\/v2\/posts"}],"about":[{"href":"https:\/\/tg.edu.rs\/hun\/wp-json\/wp\/v2\/types\/post"}],"author":[{"embeddable":true,"href":"https:\/\/tg.edu.rs\/hun\/wp-json\/wp\/v2\/users\/1"}],"replies":[{"embeddable":true,"href":"https:\/\/tg.edu.rs\/hun\/wp-json\/wp\/v2\/comments?post=11553"}],"version-history":[{"count":3,"href":"https:\/\/tg.edu.rs\/hun\/wp-json\/wp\/v2\/posts\/11553\/revisions"}],"predecessor-version":[{"id":11560,"href":"https:\/\/tg.edu.rs\/hun\/wp-json\/wp\/v2\/posts\/11553\/revisions\/11560"}],"wp:featuredmedia":[{"embeddable":true,"href":"https:\/\/tg.edu.rs\/hun\/wp-json\/wp\/v2\/media\/11554"}],"wp:attachment":[{"href":"https:\/\/tg.edu.rs\/hun\/wp-json\/wp\/v2\/media?parent=11553"}],"wp:term":[{"taxonomy":"category","embeddable":true,"href":"https:\/\/tg.edu.rs\/hun\/wp-json\/wp\/v2\/categories?post=11553"},{"taxonomy":"post_tag","embeddable":true,"href":"https:\/\/tg.edu.rs\/hun\/wp-json\/wp\/v2\/tags?post=11553"}],"curies":[{"name":"wp","href":"https:\/\/api.w.org\/{rel}","templated":true}]}}